{"id":6565,"date":"2025-03-28T08:57:54","date_gmt":"2025-03-28T07:57:54","guid":{"rendered":"https:\/\/sibenik-meteo.hr\/?p=6565"},"modified":"2025-03-28T08:57:55","modified_gmt":"2025-03-28T07:57:55","slug":"potres-od-7-7-pogodio-mjanmar","status":"publish","type":"post","link":"https:\/\/sibenik-meteo.hr\/index.php\/2025\/03\/28\/potres-od-7-7-pogodio-mjanmar\/","title":{"rendered":"Potres od 7.7 pogodio Mjanmar"},"content":{"rendered":"\n<p>Potres ja\u010dine 7.7 stupnjeva po Richteru pogodio je Mjanmar, objavio  je Ameri\u010dki geolo\u0161ki zavod (USGS), prenosi <a href=\"https:\/\/www.index.hr\/vijesti\/clanak\/potres-od-77-u-mjanmaru-panika-u-bangkoku-sire-se-snimke-srusenih-zgrada-i-mostova\/2656007.aspx?index_ref=naslovnica_vijesti_prva_d\">Index<\/a>. Stotine ljudi u glavnom gradu  Tajlanda Bangkoku u panici su izjurile iz zgrada nakon \u0161to su osjetile  podrhtavanje tla, pi\u0161e Reuters.<\/p>\n\n\n\n<p>Prema podacima Ameri\u010dkog geolo\u0161kog zavoda (USGS), epicentar je bio \noko 17.2 kilometra od grada Mandalaya, koji ima oko 1.2 milijuna \nstanovnika. Oko 12 minuta nakon prvog potresa, podru\u010dje je pogodio i \ndrugi sna\u017ean naknadni potres ja\u010dine 6.4 stupnja.<\/p>\n\n\n\n<p>Sti\u017eu informacije o sru\u0161enim zgradama u Mjanmaru i Bangkoku.<\/p>\n\n\n\n<div class=\"wp-block-image\"><figure class=\"aligncenter\"><img loading=\"lazy\" decoding=\"async\" width=\"820\" height=\"819\" src=\"https:\/\/sibenik-meteo.hr\/wp-content\/uploads\/2025\/03\/df30dc2d-49f6-4611-b532-8797bdf4279e.jpg\" alt=\"\" class=\"wp-image-6566\" srcset=\"https:\/\/sibenik-meteo.hr\/wp-content\/uploads\/2025\/03\/df30dc2d-49f6-4611-b532-8797bdf4279e.jpg 820w, https:\/\/sibenik-meteo.hr\/wp-content\/uploads\/2025\/03\/df30dc2d-49f6-4611-b532-8797bdf4279e-150x150.jpg 150w, https:\/\/sibenik-meteo.hr\/wp-content\/uploads\/2025\/03\/df30dc2d-49f6-4611-b532-8797bdf4279e-300x300.jpg 300w, https:\/\/sibenik-meteo.hr\/wp-content\/uploads\/2025\/03\/df30dc2d-49f6-4611-b532-8797bdf4279e-768x767.jpg 768w\" sizes=\"auto, (max-width: 820px) 100vw, 820px\" \/><\/figure><\/div>\n","protected":false},"excerpt":{"rendered":"<p>Potres ja\u010dine 7.7 stupnjeva po Richteru pogodio je Mjanmar, objavio je Ameri\u010dki geolo\u0161ki zavod (USGS),&#8230;<\/p>\n","protected":false},"author":1,"featured_media":6567,"comment_status":"closed","ping_status":"open","sticky":false,"template":"","format":"standard","meta":{"_monsterinsights_skip_tracking":false,"_monsterinsights_sitenote_active":false,"_monsterinsights_sitenote_note":"","_monsterinsights_sitenote_category":0,"footnotes":""},"categories":[9],"tags":[188,739,48],"class_list":["post-6565","post","type-post","status-publish","format-standard","has-post-thumbnail","hentry","category-svijet","tag-katastrofa","tag-mjanmar","tag-potres"],"_links":{"self":[{"href":"https:\/\/sibenik-meteo.hr\/index.php\/wp-json\/wp\/v2\/posts\/6565","targetHints":{"allow":["GET"]}}],"collection":[{"href":"https:\/\/sibenik-meteo.hr\/index.php\/wp-json\/wp\/v2\/posts"}],"about":[{"href":"https:\/\/sibenik-meteo.hr\/index.php\/wp-json\/wp\/v2\/types\/post"}],"author":[{"embeddable":true,"href":"https:\/\/sibenik-meteo.hr\/index.php\/wp-json\/wp\/v2\/users\/1"}],"replies":[{"embeddable":true,"href":"https:\/\/sibenik-meteo.hr\/index.php\/wp-json\/wp\/v2\/comments?post=6565"}],"version-history":[{"count":1,"href":"https:\/\/sibenik-meteo.hr\/index.php\/wp-json\/wp\/v2\/posts\/6565\/revisions"}],"predecessor-version":[{"id":6568,"href":"https:\/\/sibenik-meteo.hr\/index.php\/wp-json\/wp\/v2\/posts\/6565\/revisions\/6568"}],"wp:featuredmedia":[{"embeddable":true,"href":"https:\/\/sibenik-meteo.hr\/index.php\/wp-json\/wp\/v2\/media\/6567"}],"wp:attachment":[{"href":"https:\/\/sibenik-meteo.hr\/index.php\/wp-json\/wp\/v2\/media?parent=6565"}],"wp:term":[{"taxonomy":"category","embeddable":true,"href":"https:\/\/sibenik-meteo.hr\/index.php\/wp-json\/wp\/v2\/categories?post=6565"},{"taxonomy":"post_tag","embeddable":true,"href":"https:\/\/sibenik-meteo.hr\/index.php\/wp-json\/wp\/v2\/tags?post=6565"}],"curies":[{"name":"wp","href":"https:\/\/api.w.org\/{rel}","templated":true}]}}