{"id":6556,"date":"2025-03-27T11:05:57","date_gmt":"2025-03-27T10:05:57","guid":{"rendered":"https:\/\/sibenik-meteo.hr\/?p=6556"},"modified":"2025-03-27T11:05:58","modified_gmt":"2025-03-27T10:05:58","slug":"wmo-djeluje-kao-okosnica-i-sredisnji-zivcani-sustav-globalne-vremenske-prognoze","status":"publish","type":"post","link":"https:\/\/sibenik-meteo.hr\/index.php\/2025\/03\/27\/wmo-djeluje-kao-okosnica-i-sredisnji-zivcani-sustav-globalne-vremenske-prognoze\/","title":{"rendered":"WMO djeluje kao okosnica i sredi\u0161nji \u017eiv\u010dani sustav globalne vremenske prognoze"},"content":{"rendered":"\n<p>Povodom svjetskog meteorolo\u0161kog dana, kojeg obilje\u017eavamo 23. o\u017eujka u spomen na osnutak  Svjetske meteorolo\u0161ke organizacije 23. o\u017eujka 1950. godine u \u017denevi <a href=\"https:\/\/meteo.hr\/objave_najave_natjecaji.php?section=onn&amp;param=objave&amp;el=dogadjanja&amp;daj=smd2025poruka\">priop\u0107enjem<\/a> se oglasila glavna tajnica WMO-a  Celeste Saulo.<\/p>\n\n\n\n<p>Dragi \u010dlanovi, kolege, prijatelji,<\/p>\n\n\n\n<p>Sretan Svjetski meteorolo\u0161ki dan! Sretna 75. obljetnica Svjetske \nmeteorolo\u0161ke organizacije (WMO) specijaliziran agencije UN-a za vrijeme,\n klimu i vodu.<\/p>\n\n\n\n<p>Danas \u2013 i tijekom cijele ove godine \u2013 slavimo doprinos WMO-a i \nnjegovih \u010dlanica u spa\u0161avanju \u017eivota, slu\u017eenju dru\u0161tvu i za\u0161titi na\u0161eg \nplaneta.<\/p>\n\n\n\n<p>Zaposlenici nacionalnih meteorolo\u0161kih i hidrolo\u0161kih slu\u017ebi su poput \nlije\u010dnika i medicinskih sestara \u2013 rade 24 sata dnevno, 7 dana u tjednu, \nkako bi za\u0161titili i unaprijedili dobrobit dru\u0161tva. \u017deljela bih zahvaliti\n svakom od vas.<\/p>\n\n\n\n<p>Mi smo vi\u0161e od pukih prognosti\u010dara vremena.<\/p>\n\n\n\n<p>Znanstveni podaci, informacije i usluge koje pru\u017ea WMO zajednica \ntemelj su odluka koje se\u017eu od svakodnevnih aktivnosti u slobodno \nvrijeme, preko sezonske sadnje usjeva, do dugoro\u010dnih ulaganja u \ninfrastrukturu.<\/p>\n\n\n\n<p>Tijekom proteklih 75 godina, pridonijeli smo globalnoj ekonomiji s \nmilijardama dolara dodane vrijednosti. Sprije\u010dili smo jo\u0161 ve\u0107e \ngospodarske gubitke uzrokovane vremenskim, klimatskim i hidrolo\u0161kim \nopasnostima. I spasili smo stotine tisu\u0107a \u017eivota.<\/p>\n\n\n\n<p>WMO \u010dini svijet sigurnijim, stabilnijim i prosperitetnijim. Slobodan i\n neograni\u010den protok meteorolo\u0161kih podataka, proizvoda i usluga klju\u010dan \nje za nacionalnu sigurnost i klimatski osjetljive sektore \u2013 poput \npoljoprivrede, zrakoplovstva, pomorstva, energetike, upravljanja vodama i\n zdravstva.<\/p>\n\n\n\n<p>WMO djeluje kao okosnica i sredi\u0161nji \u017eiv\u010dani sustav globalne vremenske prognoze.<\/p>\n\n\n\n<p>Svake minute, svakog dana, podaci pristi\u017eu iz meteorolo\u0161kih postaja \ndiljem svijeta u centre za prognozu vremena. Milijuni pojedina\u010dnih \nmjerenja \u2013 sa satelita, prizemnih postaja, meteorolo\u0161kih balona, pluta\u010da\n u oceanu, brodova, zrakoplova \u2013 i jo\u0161 mnogo toga.<\/p>\n\n\n\n<p>Bez koordinacije WMO-a i njegove ujedinjene mre\u017ee, svaka bi se dr\u017eava\n suo\u010dila s nemogu\u0107im zadatkom prikupljanja globalnih podataka \nsamostalno.<\/p>\n\n\n\n<p>U ovim nesigurnim i izazovnim vremenima, me\u0111unarodna suradnja va\u017enija je nego ikada prije.<\/p>\n\n\n\n<p>Svijet je upravo iskusio najtoplijih deset godina u povijesti. Godina\n 2024. vjerojatno \u0107e biti prva kalendarska godina koja \u0107e privremeno \ndosegnuti 1,5 \u00b0C iznad predindustrijske razine.<\/p>\n\n\n\n<p>Na\u017ealost, ne\u0107e biti posljednja.<\/p>\n\n\n\n<p>To nije samo statistika.<\/p>\n\n\n\n<p>Svaki djeli\u0107 stupnja celzijusa va\u017ean je za na\u0161e \u017eivote i egzistenciju.<\/p>\n\n\n\n<p>Ekstremni vremenski i klimatski utjecaji postaju sve intenzivniji. \nSvjedoci smo sve \u010de\u0161\u0107ih i ja\u010dih toplinskih valova, razornijih oluja i \npoplava te br\u017eeg intenziviranja tropskih ciklona.<\/p>\n\n\n\n<p>Izme\u0111u 1970. i 2021. godine, prijavljeni globalni gospodarski gubici \nod vremenskih, klimatskih i hidrolo\u0161kih opasnosti iznosili su \nnevjerojatnih 4,3 bilijuna ameri\u010dkih dolara. Vi\u0161e od 2 milijuna ljudi \nizgubilo je \u017eivot.<\/p>\n\n\n\n<p>Gospodarski tro\u0161kovi nastavljaju rasti, ali broj \u017ertava opada. Jednostavno, sada smo bolji u spa\u0161avanju \u017eivota nego ikada prije.<\/p>\n\n\n\n<p>Na\u0161 glavni prioritet je osigurati da sustavi ranog upozorenja \u0161tite sve ljude, svugdje.<\/p>\n\n\n\n<p>Zato je ovogodi\u0161nja tema Svjetskog meteorolo\u0161kog dana: <em>Zajedno zatvaramo jaz ranog upozorenja<\/em>.<\/p>\n\n\n\n<p>Na pola puta u provedbi inicijative <em>Rana upozorenja za sve<\/em>, \nponosni smo na postignuti napredak. Od 2024. godine, 108 zemalja \nizvje\u0161tava da imaju odre\u0111eni kapacitet za vi\u0161erazinske sustave ranog \nupozorenja \u2013 \u0161to je vi\u0161e nego dvostruko u odnosu na 52 zemlje 2015. \ngodine.<\/p>\n\n\n\n<p>Ali moramo i\u0107i dalje i br\u017ee.<\/p>\n\n\n\n<p>Moramo:<\/p>\n\n\n\n<ul class=\"wp-block-list\"><li>Zajedni\u010dkim inovacijama unaprijediti tehnologije. <\/li><li>Udru\u017eiti snage za ja\u010danje suradnje me\u0111u dr\u017eavama.<\/li><li>Ulagati zajedno u stvaranje, mobilizaciju i dijeljenje resursa.<\/li><\/ul>\n\n\n\n<p><em>Rana upozorenja za sve<\/em> sada su vi\u0161e od inicijative. To je prepoznat brend.<\/p>\n\n\n\n<p>Cilj je ambiciozan, ali odlu\u010dni smo u njegovu ostvarenju.<\/p>\n\n\n\n<p>Sada \u0161irimo podr\u0161ku i ostalim zemljama izvan po\u010detnih 30 zemalja u fokusu.<\/p>\n\n\n\n<p>Ja\u010damo partnerstva s bilateralnim i multilateralnim donatorima, \nrazvojnim bankama i klimatskim fondovima kako bismo pove\u0107ali resurse i \nsuradnju.<\/p>\n\n\n\n<p>Unapre\u0111ujemo regionalne kapacitete kako bismo osigurali dugoro\u010dne u\u010dinke.<\/p>\n\n\n\n<p>Poti\u010demo odgovornost daju\u0107i zemljama vode\u0107u ulogu.<\/p>\n\n\n\n<p>Posve\u0107eni smo pove\u0107anju preciznosti prognoza.<\/p>\n\n\n\n<p>Tehnolo\u0161ki napredak i umjetna inteligencija obe\u0107avaju revoluciju u prognoziranju vremena.<\/p>\n\n\n\n<p>Ali moramo osigurati jednake uvjete za sve i sprije\u010diti da itko bude \nzapostavljen. Moramo zatvoriti praznine u podacima i opa\u017eanjima.<\/p>\n\n\n\n<p>Vrijeme je sada. Ako sada djelujemo, ula\u017eemo i inoviramo zajedno, mo\u017eemo ispuniti obe\u0107anje <em>Ranih upozorenja za sve<\/em>.<\/p>\n\n\n\n<p>To je ljudska i moralna obveza. A i ekonomski je isplativa. Na \nglobalnoj razini, procjenjeno je da svaki ameri\u010dki dolar ulo\u017een u rana \nupozorenja donosi 9 dolara neto ekonomskih koristi. U nekim regijama, \ntaj omjer je jo\u0161 ve\u0107i.<\/p>\n\n\n\n<p>Stoga pozivam vlade diljem svijeta da poja\u010daju ulaganja u nacionalne \nmeteorolo\u0161ke i hidrolo\u0161ke slu\u017ebe. To je klju\u010dno za nacionalni i \nme\u0111unarodni socioekonomski razvoj.<\/p>\n\n\n\n<p>Za kraj.<\/p>\n\n\n\n<p>Tijekom proteklih 75 godina, WMO je pretvorio znanost u djelovanje za globalno dobro.<\/p>\n\n\n\n<p>Na ovaj Svjetski meteorolo\u0161ki dan, obnovimo na\u0161u predanost sigurnijem i odr\u017eivijem svijetu. Dugujemo to na\u0161oj djeci.<\/p>\n\n\n\n<p>Hvala vam.<\/p>\n","protected":false},"excerpt":{"rendered":"<p>Povodom svjetskog meteorolo\u0161kog dana, kojeg obilje\u017eavamo 23. o\u017eujka u spomen na osnutak Svjetske meteorolo\u0161ke organizacije&#8230;<\/p>\n","protected":false},"author":1,"featured_media":5483,"comment_status":"closed","ping_status":"open","sticky":false,"template":"","format":"standard","meta":{"_monsterinsights_skip_tracking":false,"_monsterinsights_sitenote_active":false,"_monsterinsights_sitenote_note":"","_monsterinsights_sitenote_category":0,"footnotes":""},"categories":[9],"tags":[654,51,653,313],"class_list":["post-6556","post","type-post","status-publish","format-standard","has-post-thumbnail","hentry","category-svijet","tag-celeste-saulo","tag-priopcenje","tag-svjetski-meteoroloski-dan","tag-wmo"],"_links":{"self":[{"href":"https:\/\/sibenik-meteo.hr\/index.php\/wp-json\/wp\/v2\/posts\/6556","targetHints":{"allow":["GET"]}}],"collection":[{"href":"https:\/\/sibenik-meteo.hr\/index.php\/wp-json\/wp\/v2\/posts"}],"about":[{"href":"https:\/\/sibenik-meteo.hr\/index.php\/wp-json\/wp\/v2\/types\/post"}],"author":[{"embeddable":true,"href":"https:\/\/sibenik-meteo.hr\/index.php\/wp-json\/wp\/v2\/users\/1"}],"replies":[{"embeddable":true,"href":"https:\/\/sibenik-meteo.hr\/index.php\/wp-json\/wp\/v2\/comments?post=6556"}],"version-history":[{"count":1,"href":"https:\/\/sibenik-meteo.hr\/index.php\/wp-json\/wp\/v2\/posts\/6556\/revisions"}],"predecessor-version":[{"id":6557,"href":"https:\/\/sibenik-meteo.hr\/index.php\/wp-json\/wp\/v2\/posts\/6556\/revisions\/6557"}],"wp:featuredmedia":[{"embeddable":true,"href":"https:\/\/sibenik-meteo.hr\/index.php\/wp-json\/wp\/v2\/media\/5483"}],"wp:attachment":[{"href":"https:\/\/sibenik-meteo.hr\/index.php\/wp-json\/wp\/v2\/media?parent=6556"}],"wp:term":[{"taxonomy":"category","embeddable":true,"href":"https:\/\/sibenik-meteo.hr\/index.php\/wp-json\/wp\/v2\/categories?post=6556"},{"taxonomy":"post_tag","embeddable":true,"href":"https:\/\/sibenik-meteo.hr\/index.php\/wp-json\/wp\/v2\/tags?post=6556"}],"curies":[{"name":"wp","href":"https:\/\/api.w.org\/{rel}","templated":true}]}}