{"id":6552,"date":"2025-03-27T10:57:28","date_gmt":"2025-03-27T09:57:28","guid":{"rendered":"https:\/\/sibenik-meteo.hr\/?p=6552"},"modified":"2025-03-27T10:57:29","modified_gmt":"2025-03-27T09:57:29","slug":"obilne-kise-uzrokovale-su-poplave-u-gani-i-ugandi","status":"publish","type":"post","link":"https:\/\/sibenik-meteo.hr\/index.php\/2025\/03\/27\/obilne-kise-uzrokovale-su-poplave-u-gani-i-ugandi\/","title":{"rendered":"Obilne ki\u0161e uzrokovale su poplave u Gani i Ugandi"},"content":{"rendered":"\n<p>Jak pljusak u utorak nave\u010der izazvao je pusto\u0161 u dijelovima Akre, \u0161to je dovelo do velikih poplava i o\u0161te\u0107enja infrastruktur, prenose lokalni mediji iz Gane.<\/p>\n\n\n\n<div class=\"wp-block-image\"><figure class=\"aligncenter\"><img loading=\"lazy\" decoding=\"async\" width=\"753\" height=\"401\" src=\"https:\/\/sibenik-meteo.hr\/wp-content\/uploads\/2025\/03\/Screenshot-2025-03-27-at-10-54-38-Zemaljske-promjene-\u2014-Sott.net_.png\" alt=\"\" class=\"wp-image-6553\" srcset=\"https:\/\/sibenik-meteo.hr\/wp-content\/uploads\/2025\/03\/Screenshot-2025-03-27-at-10-54-38-Zemaljske-promjene-\u2014-Sott.net_.png 753w, https:\/\/sibenik-meteo.hr\/wp-content\/uploads\/2025\/03\/Screenshot-2025-03-27-at-10-54-38-Zemaljske-promjene-\u2014-Sott.net_-300x160.png 300w\" sizes=\"auto, (max-width: 753px) 100vw, 753px\" \/><figcaption>Bujice u Gani<\/figcaption><\/figure><\/div>\n\n\n\n<p>Intenzivne oborine potopile su ceste, ometale promet i uru\u0161ile reklamne plo\u010de, a stanovnici i putnici ostali su blokirani jer su bujice brojne ceste u\u010dinile neprohonima.<\/p>\n\n\n\n<p>Jo\u0161 gora situacija zahvatila je  glavni grad Ugande, Kampalu, koju su  kao i okolna urbana podru\u010dja pogodile buji\u010dne poplave. Najmanje 7 ljudi je poginulo, brojne ceste su zatvorene, a mnoge su ku\u0107e uni\u0161tene zbog poplava.   Glavni grad Ugande je sklon poplavama zbog niza \u010dimbenika, koje uklju\u010duje zadiranje u mo\u010dvare, lo\u0161u odvodnju i lo\u0161e urbanisti\u010dko planiranje.<\/p>\n\n\n\n<figure class=\"wp-block-embed-youtube wp-block-embed is-type-video is-provider-youtube wp-embed-aspect-16-9 wp-has-aspect-ratio\"><div class=\"wp-block-embed__wrapper\">\n<iframe loading=\"lazy\" title=\"Five confirmed dead as heavy rains wreak havoc\" width=\"640\" height=\"360\" src=\"https:\/\/www.youtube.com\/embed\/g_1WSio7FVU?feature=oembed\" frameborder=\"0\" allow=\"accelerometer; autoplay; clipboard-write; encrypted-media; gyroscope; picture-in-picture; web-share\" referrerpolicy=\"strict-origin-when-cross-origin\" allowfullscreen><\/iframe>\n<\/div><\/figure>\n","protected":false},"excerpt":{"rendered":"<p>Jak pljusak u utorak nave\u010der izazvao je pusto\u0161 u dijelovima Akre, \u0161to je dovelo do&#8230;<\/p>\n","protected":false},"author":1,"featured_media":6554,"comment_status":"closed","ping_status":"open","sticky":false,"template":"","format":"standard","meta":{"_monsterinsights_skip_tracking":false,"_monsterinsights_sitenote_active":false,"_monsterinsights_sitenote_note":"","_monsterinsights_sitenote_category":0,"footnotes":""},"categories":[9],"tags":[325,178,734,37,735],"class_list":["post-6552","post","type-post","status-publish","format-standard","has-post-thumbnail","hentry","category-svijet","tag-afrika","tag-ekstremne-temperature","tag-gana","tag-poplave","tag-uganda"],"_links":{"self":[{"href":"https:\/\/sibenik-meteo.hr\/index.php\/wp-json\/wp\/v2\/posts\/6552","targetHints":{"allow":["GET"]}}],"collection":[{"href":"https:\/\/sibenik-meteo.hr\/index.php\/wp-json\/wp\/v2\/posts"}],"about":[{"href":"https:\/\/sibenik-meteo.hr\/index.php\/wp-json\/wp\/v2\/types\/post"}],"author":[{"embeddable":true,"href":"https:\/\/sibenik-meteo.hr\/index.php\/wp-json\/wp\/v2\/users\/1"}],"replies":[{"embeddable":true,"href":"https:\/\/sibenik-meteo.hr\/index.php\/wp-json\/wp\/v2\/comments?post=6552"}],"version-history":[{"count":1,"href":"https:\/\/sibenik-meteo.hr\/index.php\/wp-json\/wp\/v2\/posts\/6552\/revisions"}],"predecessor-version":[{"id":6555,"href":"https:\/\/sibenik-meteo.hr\/index.php\/wp-json\/wp\/v2\/posts\/6552\/revisions\/6555"}],"wp:featuredmedia":[{"embeddable":true,"href":"https:\/\/sibenik-meteo.hr\/index.php\/wp-json\/wp\/v2\/media\/6554"}],"wp:attachment":[{"href":"https:\/\/sibenik-meteo.hr\/index.php\/wp-json\/wp\/v2\/media?parent=6552"}],"wp:term":[{"taxonomy":"category","embeddable":true,"href":"https:\/\/sibenik-meteo.hr\/index.php\/wp-json\/wp\/v2\/categories?post=6552"},{"taxonomy":"post_tag","embeddable":true,"href":"https:\/\/sibenik-meteo.hr\/index.php\/wp-json\/wp\/v2\/tags?post=6552"}],"curies":[{"name":"wp","href":"https:\/\/api.w.org\/{rel}","templated":true}]}}