{"id":6500,"date":"2025-02-25T13:24:02","date_gmt":"2025-02-25T12:24:02","guid":{"rendered":"https:\/\/sibenik-meteo.hr\/?p=6500"},"modified":"2025-02-25T13:24:03","modified_gmt":"2025-02-25T12:24:03","slug":"prilicno-jak-potres-kod-petrinje","status":"publish","type":"post","link":"https:\/\/sibenik-meteo.hr\/index.php\/2025\/02\/25\/prilicno-jak-potres-kod-petrinje\/","title":{"rendered":"Prili\u010dno jak potres kod Petrinje"},"content":{"rendered":"\n<p>Danas, 25. velja\u010de 2025. godine u 12:52 seizmografi Seizmolo\u0161ke slu\u017ebe  Republike Hrvatske zabilje\u017eili su prili\u010dno jak potres s epicentrom  kod Tabori\u0161ta, 3 km jugoisto\u010dno od Petrinje. Magnituda potresa iznosila  je 4.0 prema Richteru, a intenzitet u epicentru V stupnja EMS ljestvice, stoji u izvje\u0161taju <a href=\"https:\/\/www.pmf.unizg.hr\/geof\/seizmoloska_sluzba\/izvjesca_o_potresima?@=1oi0k#news_45225\">GFZ-a<\/a>.<\/p>\n\n\n\n<p>Kako pi\u0161e <a href=\"https:\/\/www.index.hr\/vijesti\/clanak\/potres-od-40-na-baniji-dio-siska-bez-struje\/2645728.aspx?index_ref=naslovnica_vijesti_prva_d\">Index<\/a> dio Siska nakon potresa ostao je bez struje.<\/p>\n","protected":false},"excerpt":{"rendered":"<p>Danas, 25. velja\u010de 2025. godine u 12:52 seizmografi Seizmolo\u0161ke slu\u017ebe Republike Hrvatske zabilje\u017eili su prili\u010dno&#8230;<\/p>\n","protected":false},"author":1,"featured_media":6501,"comment_status":"closed","ping_status":"open","sticky":false,"template":"","format":"standard","meta":{"_monsterinsights_skip_tracking":false,"_monsterinsights_sitenote_active":false,"_monsterinsights_sitenote_note":"","_monsterinsights_sitenote_category":0,"footnotes":""},"categories":[10],"tags":[77,122,48,731],"class_list":["post-6500","post","type-post","status-publish","format-standard","has-post-thumbnail","hentry","category-hrvatska","tag-hrvatska","tag-petrinja","tag-potres","tag-sisak"],"_links":{"self":[{"href":"https:\/\/sibenik-meteo.hr\/index.php\/wp-json\/wp\/v2\/posts\/6500","targetHints":{"allow":["GET"]}}],"collection":[{"href":"https:\/\/sibenik-meteo.hr\/index.php\/wp-json\/wp\/v2\/posts"}],"about":[{"href":"https:\/\/sibenik-meteo.hr\/index.php\/wp-json\/wp\/v2\/types\/post"}],"author":[{"embeddable":true,"href":"https:\/\/sibenik-meteo.hr\/index.php\/wp-json\/wp\/v2\/users\/1"}],"replies":[{"embeddable":true,"href":"https:\/\/sibenik-meteo.hr\/index.php\/wp-json\/wp\/v2\/comments?post=6500"}],"version-history":[{"count":1,"href":"https:\/\/sibenik-meteo.hr\/index.php\/wp-json\/wp\/v2\/posts\/6500\/revisions"}],"predecessor-version":[{"id":6502,"href":"https:\/\/sibenik-meteo.hr\/index.php\/wp-json\/wp\/v2\/posts\/6500\/revisions\/6502"}],"wp:featuredmedia":[{"embeddable":true,"href":"https:\/\/sibenik-meteo.hr\/index.php\/wp-json\/wp\/v2\/media\/6501"}],"wp:attachment":[{"href":"https:\/\/sibenik-meteo.hr\/index.php\/wp-json\/wp\/v2\/media?parent=6500"}],"wp:term":[{"taxonomy":"category","embeddable":true,"href":"https:\/\/sibenik-meteo.hr\/index.php\/wp-json\/wp\/v2\/categories?post=6500"},{"taxonomy":"post_tag","embeddable":true,"href":"https:\/\/sibenik-meteo.hr\/index.php\/wp-json\/wp\/v2\/tags?post=6500"}],"curies":[{"name":"wp","href":"https:\/\/api.w.org\/{rel}","templated":true}]}}