{"id":6457,"date":"2025-01-17T11:03:10","date_gmt":"2025-01-17T10:03:10","guid":{"rendered":"https:\/\/sibenik-meteo.hr\/?p=6457"},"modified":"2025-01-17T11:03:11","modified_gmt":"2025-01-17T10:03:11","slug":"u-danima-vikenda-stabilno-i-malo-toplije","status":"publish","type":"post","link":"https:\/\/sibenik-meteo.hr\/index.php\/2025\/01\/17\/u-danima-vikenda-stabilno-i-malo-toplije\/","title":{"rendered":"U danima vikenda stabilno i malo toplije"},"content":{"rendered":"\n<p>Sa sjeveroistoka se nad Jadranom prote\u017ee greben anticiklone, dok se ju\u017eno od Sicilije sporo pribli\u017eava i premje\u0161ta ciklona s frontalnim sustavom.<\/p>\n\n\n\n<p>U takvim okolnostima bura je danas ponovno prolazno poja\u010dala, a uz vedro  vrijeme zadr\u017ealo se hladno vrijeme uz uglavnom jednoznamenkaste temperature zraka koje se kre\u0107u 3 do 8\u00b0C. Jedino na krajnjem jugu jutros je temperatura zraka iznad 10 stupnjeva.<\/p>\n\n\n\n<p>U nastavku dana prevladavati \u0107e sli\u010dne vremenske prilike, a temperatura zraka kretati se uz obalu izme\u0111u 6 i 12, a u zale\u0111u 5 do 10\u00b0C.<\/p>\n\n\n\n<p>I sutra \u0107e ve\u0107i dio dana prevladavati prete\u017eno sun\u010dano vrijeme uz umjerenu do umjereno jaku buru, a nave\u0107er porast naoblake sa mora. Temperature zraka kretati \u0107e se izme\u0111u 6 i 15\u00b0C.<\/p>\n\n\n\n<p>I u prvom dijelu nedjelje puhati \u0107e uglavnom slaba bura koja \u0107e od sredine dana postupno okretati na levanat, a na moru i uz obalu na jugo. Uz djelomice do prete\u017eno obla\u010dno vrijeme temperature zraka \u0107e za stupanj do dva vi\u0161e biti vi\u0161e u odnosu na subotu i kretati se izme\u0111u 8 i 15\u00b0C.<\/p>\n\n\n\n<div class=\"wp-block-image\"><figure class=\"aligncenter\"><img loading=\"lazy\" decoding=\"async\" width=\"720\" height=\"720\" src=\"https:\/\/sibenik-meteo.hr\/wp-content\/uploads\/2025\/01\/web_fronte_sutra12.jpg\" alt=\"\" class=\"wp-image-6458\" srcset=\"https:\/\/sibenik-meteo.hr\/wp-content\/uploads\/2025\/01\/web_fronte_sutra12.jpg 720w, https:\/\/sibenik-meteo.hr\/wp-content\/uploads\/2025\/01\/web_fronte_sutra12-150x150.jpg 150w, https:\/\/sibenik-meteo.hr\/wp-content\/uploads\/2025\/01\/web_fronte_sutra12-300x300.jpg 300w\" sizes=\"auto, (max-width: 720px) 100vw, 720px\" \/><figcaption>Sinopti\u010dka situacija u subotu, izvor: DHMZ<\/figcaption><\/figure><\/div>\n","protected":false},"excerpt":{"rendered":"<p>Sa sjeveroistoka se nad Jadranom prote\u017ee greben anticiklone, dok se ju\u017eno od Sicilije sporo pribli\u017eava&#8230;<\/p>\n","protected":false},"author":1,"featured_media":4565,"comment_status":"closed","ping_status":"open","sticky":false,"template":"","format":"standard","meta":{"_monsterinsights_skip_tracking":false,"_monsterinsights_sitenote_active":false,"_monsterinsights_sitenote_note":"","_monsterinsights_sitenote_category":0,"footnotes":""},"categories":[3],"tags":[15,16,49,222,382,340,52],"class_list":["post-6457","post","type-post","status-publish","format-standard","has-post-thumbnail","hentry","category-lokalno-vrijeme","tag-bura","tag-dalmacija","tag-jadran","tag-lokalna-prognoza","tag-sibensko-kninska-zupanija","tag-vikend-prognoza","tag-zima"],"_links":{"self":[{"href":"https:\/\/sibenik-meteo.hr\/index.php\/wp-json\/wp\/v2\/posts\/6457","targetHints":{"allow":["GET"]}}],"collection":[{"href":"https:\/\/sibenik-meteo.hr\/index.php\/wp-json\/wp\/v2\/posts"}],"about":[{"href":"https:\/\/sibenik-meteo.hr\/index.php\/wp-json\/wp\/v2\/types\/post"}],"author":[{"embeddable":true,"href":"https:\/\/sibenik-meteo.hr\/index.php\/wp-json\/wp\/v2\/users\/1"}],"replies":[{"embeddable":true,"href":"https:\/\/sibenik-meteo.hr\/index.php\/wp-json\/wp\/v2\/comments?post=6457"}],"version-history":[{"count":1,"href":"https:\/\/sibenik-meteo.hr\/index.php\/wp-json\/wp\/v2\/posts\/6457\/revisions"}],"predecessor-version":[{"id":6459,"href":"https:\/\/sibenik-meteo.hr\/index.php\/wp-json\/wp\/v2\/posts\/6457\/revisions\/6459"}],"wp:featuredmedia":[{"embeddable":true,"href":"https:\/\/sibenik-meteo.hr\/index.php\/wp-json\/wp\/v2\/media\/4565"}],"wp:attachment":[{"href":"https:\/\/sibenik-meteo.hr\/index.php\/wp-json\/wp\/v2\/media?parent=6457"}],"wp:term":[{"taxonomy":"category","embeddable":true,"href":"https:\/\/sibenik-meteo.hr\/index.php\/wp-json\/wp\/v2\/categories?post=6457"},{"taxonomy":"post_tag","embeddable":true,"href":"https:\/\/sibenik-meteo.hr\/index.php\/wp-json\/wp\/v2\/tags?post=6457"}],"curies":[{"name":"wp","href":"https:\/\/api.w.org\/{rel}","templated":true}]}}