{"id":6448,"date":"2025-01-08T10:39:37","date_gmt":"2025-01-08T09:39:37","guid":{"rendered":"https:\/\/sibenik-meteo.hr\/?p=6448"},"modified":"2025-01-08T10:39:38","modified_gmt":"2025-01-08T09:39:38","slug":"meteoroloski-i-hidroloski-dogadaji-koji-su-obiljezili-2024-godinu","status":"publish","type":"post","link":"https:\/\/sibenik-meteo.hr\/index.php\/2025\/01\/08\/meteoroloski-i-hidroloski-dogadaji-koji-su-obiljezili-2024-godinu\/","title":{"rendered":"Meteorolo\u0161ki i hidrolo\u0161ki doga\u0111aji koji su obilje\u017eili 2024. godinu"},"content":{"rendered":"\n<p>2024 godina je i kod nas, uz toplinu, vru\u0107inu te ve\u0107 uobi\u010dajeni izostanak  prave zime, donijela ekstremne meteorolo\u0161ke doga\u0111aje &#8211; grmljavinska  nevremena s olujnim vjetrom i tu\u010dom te obilnom ki\u0161om, zatim epizode s  velikom koli\u010dinom oborine uz buji\u010dne i urbane poplave, dane s olujnim i  orkanskim vjetrom, posebno na moru, te otprilike 4-5 dana sa snijegom i  to uglavnom u Gorskoj Hrvatskoj. Bilo je, naravno, i toplinskih valova  tijekom ljetnih mjeseci, stoji u osvrtu <a href=\"https:\/\/meteo.hr\/objave_najave_natjecaji.php?section=onn&amp;param=objave&amp;el=zanimljivosti&amp;daj=zn30122024\">DHMZ-a<\/a>.<\/p>\n\n\n\n<h5 class=\"wp-block-heading\">U sije\u010dnju iznadprosje\u010dna toplina s povremenim prodorima vla\u017enijeg i hladnijeg zraka <\/h5>\n\n\n\n<p>Godina je po\u010dela iznadprosje\u010dnom toplinom koja je u sije\u010dnju bila \nprekidana povremenim prodorima hladnijeg i vla\u017enog zraka uz ki\u0161u, 1. \nsije\u010dnja \u010dak i grmljavinu u kopnenim podru\u010djima. Prvi hladniji prodor \nzabilje\u017een je 7. sije\u010dnja uz olujnu buru na moru, a drugi 19. dana u \ngodini. Taj je bio izra\u017eeniji te je Operativni centar civilne za\u0161tite \nslao tzv. SRUUK poruke na mobilne telefone gra\u0111ana zbog opasnog vremena,\n tj. zbog snijega i olujnog vjetra ponajprije u Gorskoj Hrvatskoj. \nSnijeg je padao u gotovo cijeloj unutra\u0161njosti, a bilo ga je i \nmjestimice na obali gdje je puhala i olujna i orkanska bura.<\/p>\n\n\n\n<h5 class=\"wp-block-heading\">Ekstremno topla velja\u010da<\/h5>\n\n\n\n<p>Snijega u velja\u010di nije bilo \u2013 mjesec je bio obilje\u017een neuobi\u010dajenom toplinom pa je <a href=\"https:\/\/meteo.hr\/klima.php?section=klima_pracenje&amp;param=ocjena&amp;el=msg_ocjena&amp;MjesecSezona=2&amp;Godina=2024\" target=\"_blank\" rel=\"noreferrer noopener\">prema ocjeni klimatologa u ve\u0107ini krajeva Hrvatske \u010dak dobio ocjenu <em>ekstremno topao<\/em><\/a>.\n \u010cesti su bili dani s ju\u017einom, odnosno jakim jugozapadnjakom na kopnu te\n jakim i olujnim jugom na moru koje je najve\u0107e probleme uzrokovalo 23. \nvelja\u010de na sjevernom dijelu Jadrana kada je bilo \u0161tete u Opatiji, \nCrikvenici, na Krku i Cresu. A obilnije je oborine bilo 11. te potom \nponovno 24., 25. i 27. velja\u010de i to uglavnom u dolini Neretve \u2013 povodanj\n i buji\u010dne poplave zabilje\u017eeni su tih dana na podru\u010dju Vrgorca, Opuzena i\n Metkovi\u0107a gdje je u no\u0107i od 24. na 25. velja\u010de pala koli\u010dina oborine \nkoja gotovo odgovara ukupnoj mjese\u010dnoj koli\u010dini \u2013 \u010dak 167 mm.<\/p>\n\n\n\n<h5 class=\"wp-block-heading\">O\u017eujak &#8211; od snijega do ljetnih temperatura i saharske pra\u0161ine<\/h5>\n\n\n\n<p>Iako je i u o\u017eujku nastavljen trend iznadprosje\u010dne topline, bilo je i\n dana sa snijegom. Tako je 23. i 24. o\u017eujka snijeg zabijelio velik dio \nunutra\u0161njosti, a najvi\u0161e ga je palo na Sljemenu \u2013 25 cm. Samo par dana \nkasnije stiglo je zatopljenje pa je tako oko Uskrsa temperatura bila \ngotovo prava ljetna, na istoku zemlje dosezala je i 29 \u00b0C. No, uz \nprisustvo velike koli\u010dine saharske pra\u0161ine u zraku koja je smanjivala \nvidljivost, poglavito 27. o\u017eujka. A prije toga, uz razmjerno \u010deste \nprolaske sredozemnih ciklona, bilo je dana s velikom koli\u010dinom ki\u0161e i \nolujnim jugom na moru. Izdvajaju se 2. o\u017eujka kada je bilo vrlo \nnestabilno te je lokalno bilo tu\u010de koja je naprimjer zabijelila Sveti \nFilip i Jakov gdje je bilo debljih nanosa leda. Ki\u0161an je bio 11. dan \no\u017eujka i to osobito ponovno na podru\u010dju Vrgorca te na podru\u010dju Zadra \ngdje je zabilje\u017eena rekordna dnevna koli\u010dina oborine u o\u017eujku od 163,6 \nmm.<\/p>\n\n\n\n<h5 class=\"wp-block-heading\">Travanj: vru\u0107ina, snijeg i kasnoproljetni mraz<\/h5>\n\n\n\n<p>Travanj je imao dvije potpuno razli\u010dite polovine \u2013 prvu ve\u0107inom \nstabilnu, toplu i vrlo toplu, \u010dak i s vru\u0107im danima te drugu hladniju i \nnestabilniju s \u010de\u0161\u0107om oborinom. Dana 14. travnja temperatura zraka u \nKarlovcu bila \u010dak 31,6 \u00b0C, u Zagrebu na postaji Maksimir 30,5 \u00b0C, a u \nDelnicama 25,2 \u00b0C. Samo dva dana kasnije \u2013 snijeg! Hladna fronta \ndonijela je zamjetno hladniji zrak uz pad temperature za 10 do 20 \u00b0C u \nodnosu na 15. travnja te je ki\u0161a pre\u0161la u snijeg u Hrvatskom zagorju, na\n Sljemenu i ponegdje u Lici. Kao i pro\u0161lih godina, niti ove nije moglo \npro\u0107i bez kasnoproljetnog mraza koji je napravio velike \u0161tete na biljnim\n kulturama primjerice u Vara\u017edinskoj, Po\u017ee\u0161ko-slavonskoj i \nSisa\u010dko-moslava\u010dkoj \u017eupaniji od 21. do 24. travnja te ponovno 26. \ntravnja. Pritom je u Gorskom kotaru opet pao i snijeg \u2013 u Delnicama ga \nje 23. travnja bilo 14 cm.<\/p>\n\n\n\n<h5 class=\"wp-block-heading\">Po\u010detak sezone grmljavinskih nevremena<\/h5>\n\n\n\n<p>Promjenljivo je, i ne odve\u0107 toplo vrijeme, nastavljeno i u svibnju, \nuz vi\u0161e ki\u0161e u unutra\u0161njosti, a su\u0161nije je bilo na moru. Krenula je \nsezona grmljavinskih nevremena koja su obilje\u017eila razdoblje od 21. do \n31. svibnja. Prvo je 21. svibnja bilo nevremena u sjeverozapadnim \npodru\u010djima, primjerice u Me\u0111imurju je oko \u0160trigove bilo tu\u010de, a u \nSlavoniji je puhao olujni vjetar koji je u \u0110akovu odnio krov s \nnogometnog stadiona. Potom je 28. svibnja bilo obilne ki\u0161e u Istarskoj i\n Primorsko-goranskoj \u017eupaniji \u2013 <em>plivali<\/em> su Novigrad, Opatija i \nRijeka \u2013 a 31. svibnja potopljen je Krk gdje je zabilje\u017eena rekordna \nsvibanjska dnevna koli\u010dina oborine od 168 mm. Zadnjeg je dana u mjesecu \nniz grmljavinskih nevremena zabilje\u017een od sjevernog Jadrana sve do \nistoka zemlje.<\/p>\n\n\n\n<h5 class=\"wp-block-heading\">Prvi toplinski val<\/h5>\n\n\n\n<p>Sezona izra\u017eenih nestabilnosti nastavljena je u lipnju, mjesecu koji \nje donio i prvi toplinski val od 19. do 21. lipnja  \u2013 temperatura je \nzraka u Dalmaciji bila blizu 40 \u00b0C, a na postaji Split Ka\u0161tela \nzabilje\u017een je novi lipanjski rekord \u2013 39,4 \u00b0C. Uz to, ponovno je tih \ndana bilo pove\u0107ane koncentracije saharske pra\u0161ine u zraku. Prvo je \nolujno nevrijeme u mjesecu bilo 3. lipnja s mjestimi\u010dnom obilnom ki\u0161om \u2013\n Rasinja kod Koprivnice bila je pod 1m vode \u2013 a na istoku, oko \nTovarnika, Iloka, \u017dupanje, bilo je tu\u010de veli\u010dine lje\u0161njaka. Potom je 12.\n lipnja nevrijeme zahvatilo Split i okolicu \u2013 uz gotovo 50 mm ki\u0161e bio \nje potopljen Poljud, a tu\u010da je na \u010ciovu stvorila nanos od 10-ak cm leda.<\/p>\n\n\n\n<h5 class=\"wp-block-heading\">Olujni i vru\u0107 srpanj<\/h5>\n\n\n\n<p>Najja\u010de nevrijeme zabilje\u017eeno je 1. srpnja \u2013 krenulo je iz Slovenije,\n olujni vjetar prvo je zahvatio sredi\u0161nje predjele, a najgore je bilo \noko Slavonskog Broda te osobito u Bo\u0161njacima gdje je padala tu\u010da \nveli\u010dine oraha i teniske loptice te nanijela ogromne \u0161tete na objektima,\n infrastrukturi i biljnim kulturama, a izme\u0111u ostalog stradale su rode u\n gnijezdima \u0161tite\u0107i svoje mlade. Jaki pljuskovi s olujnim vjetrom i \ntu\u010dom 13. srpnja pogodili su dio sjeverozapadne Hrvatske, potom se 20. \nsrpnja ponovilo sli\u010dno pri \u010demu je u Knegincu kod Vara\u017edina vjetar \nsru\u0161io silos, a urbane su poplave bile u dijelovima Zagreba. 28. srpnja \njako je nevrijeme zahvatilo podru\u010dje Ogulina gdje je u oko 1 sat palo \n\u010dak 70 mm oborine. Osim nestabilnosti, srpanj je bio obilje\u017een velikom \nvru\u0107inom i dugotrajnim toplinskim valom koji je trajao 10-ak dana \nsredinom mjeseca i tijekom kojeg je zbog velike koli\u010dine vlage u zrak \nbilo vrlo sparno, a ru\u0161eni su i rekordi u potro\u0161nji elektri\u010dne energije \nzbog pove\u0107ane potrebe za uklju\u010divanje i rad ure\u0111aja za hla\u0111enje. <\/p>\n\n\n\n<h5 class=\"wp-block-heading\">Vru\u0107 i nestabilan kolovoz<\/h5>\n\n\n\n<p>Vru\u0107e i vrlo vru\u0107e nastavljeno je i u kolovozu s dugotrajnim \ntoplinskim valom koji je izra\u017eeniji bio na Jadranu gdje je danima bila \nvrlo velika (crvena) opasnost od vru\u0107ine koja mo\u017ee djelovati na \nzdravlje. Vrlo je visoka bila i temperatura mora, ponegdje i 29, 30 \u00b0C. \nNaravno, bilo je nestabilnijih razdoblja s izra\u017eenim pljuskovima i \nolujnim vjetrom \u2013 2. kolovoza u Me\u0111imurju gdje je olujni vjetar napravio\n \u0161tetu u Svetoj Mariji, zatim 8. kolovoza na zadarskom podru\u010dju gdje je \njedrilicu vjetar izbacio na kopno, 14. kolovoza u Istri je bilo olujnog \nvjetra i tu\u010de, a 19. kolovoza nevrijeme je zahvatilo zagreba\u010dko te \nsplitsko podru\u010dje. A do sada jedinstveni doga\u0111aj vezan uz meteorologiju \nbilo je ove godine sudjelovanje meteorologa u hrvatskom izaslanstvu na \nljetnim Olimpijskim igrama \u2013 kao dio podr\u0161ke jedrili\u010darima za natjecanja\n u Marseilleu. <\/p>\n\n\n\n<h5 class=\"wp-block-heading\">Ki\u0161ni rujan<\/h5>\n\n\n\n<p>Nakon su\u0161nih ljetnih mjeseci i posljedi\u010dno velikih \u0161teta na urodima rujan je donio naglu promjenu \u2013 <a href=\"https:\/\/meteo.hr\/klima.php?section=klima_pracenje&amp;param=ocjena&amp;el=msg_ocjena&amp;MjesecSezona=9&amp;Godina=2024\" target=\"_blank\" rel=\"noreferrer noopener\">bio je u mnogim podru\u010djima ki\u0161an, mjestimice \u010dak i ekstremno ki\u0161an<\/a>.\n Nakon vrlo toplog i vru\u0107eg po\u010detka, u kojem je nevrijeme zabilje\u017eeno 6.\n rujna u Dalmaciji, a 9. rujna na dubrova\u010dkom podru\u010dju gdje je obilna \nki\u0161a uzrokovala urbane poplave u gradu te je Stradun bio pod vodom. \nNagla je promjena vremena stigla 12. i 13. rujna \u2013 ki\u0161a i zahladnjenje \npa je tako temperatura u Slavoniji pala za skoro 20 \u00b0C. Obilna je \noborina zabilje\u017eena ponegdje na Jadranu, primjerice u Umagu gdje je palo\n 115 mm oborine, a u Bo\u017eavi dvostruko vi\u0161e \u2013 \u010dak 230 mm u jednom danu. \nJedna od ve\u0107ih zanimljivosti dana bila je i morska pjena u Novigradu. A \njo\u0161 ve\u0107a ciklona Boris s kojom je u idu\u0107im danima u dijelu sredi\u0161nje \nEurope palo jako puno ki\u0161e koja je uzrokovala poplave, velike \u0161tete i \n\u017ertve u zemljama u na\u0161oj blizini. Od te se oborine o\u010dekivao u zadnjih \ndeset dana rujna i porast vodostaja rijeka koje dolaze k nama iz tih \nzemalja, posebno Dunava \u2013 24. rujna vodeni je val u\u0161ao u Hrvatsku i \nsre\u0107om, vodostaj od 704 cm u Batini nije uzrokovao jako velike \u0161tete i \nprobleme. <\/p>\n\n\n\n<h5 class=\"wp-block-heading\">Listopad &#8211; urbane i buji\u010dne poplave <\/h5>\n\n\n\n<p>Problema je, me\u0111utim, zbog urbanih i buji\u010dnih poplava, bilo u \nlistopadu u nekim gradovima &#8211; 2. listopada u Novigradu, zatim 3. u \nOgulinu i 5. u Podgori. A katastrofalna je situacija zabilje\u017eena u \nsusjednoj Bosni i Hercegovini na prijelazu od 3. na 4. listopada pri \n\u010demu je najgore bilo na podru\u010dju Jablanice gdje su bujice i odroni \nodnijeli 27 ljudskih \u017eivota. Nakon sredine mjeseca ponovno je zatoplilo \nte je u Slavoniji temperatura porasla gotovo do 30 \u00b0C. Pritom je do \nkraja mjeseca bilo stabilnije i ve\u0107inom bez oborine, na kopnu s \u010destom \nmaglom. Ekstreman meteorolo\u0161ki doga\u0111aj s ogromnim brojem \u017ertava na\u017ealost\n krajem se mjeseca dogodio u \u0160panjolskoj, posebno u regiji Valencija pri\n \u010demu je obilna ki\u0161a uzrokovala poplave u kojima je stradalo 230 ljudi.<\/p>\n\n\n\n<h5 class=\"wp-block-heading\">Prvi mrazovi i snijeg u gorju<\/h5>\n\n\n\n<p>Nakon 17 uglavnom iznadprosje\u010dno toplih mjeseci u na\u0161oj zemlji, \nstudeni je, prvi nakon svibnja 2023. godine, u ve\u0107ini podru\u010dja bio <a href=\"https:\/\/meteo.hr\/klima.php?section=klima_pracenje&amp;param=ocjena&amp;el=msg_ocjena&amp;MjesecSezona=11&amp;Godina=2024\" target=\"_blank\" rel=\"noreferrer noopener\">prosje\u010dan, a u Slavniji i hladan<\/a>.\n Pritom su prve dvije tre\u0107ine mjeseca bile uglavnom stabilne, uz malo \nili nimalo oborine. I dok je u dane nakon sredine mjeseca na moru bilo \nve\u0107inom ugodno toplo, na kopnu su zabilje\u017eeni prvi ozbiljniji jutarnji \nmrazovi ove jeseni. Promjena je vremena nastupila u razdoblju od 21. do \n23. studenog u vidu ki\u0161e, ponegdje i obilne, koja je sa zahladnjenjem \npre\u0161la u snijeg, posebice u gorju gdje ga se skupilo 10-ak cm. Na moru \nje zapuhala olujna bura. Bura je obilje\u017eila zadnja dva dana studenog i \nprvi dan prosinca \u2013 bila je ponegdje orkanska i zatvorila je u \npotpunosti na vi\u0161e od jednog dana promet autocestom A1 od kopna prema \nmoru izme\u0111u Svetog  Roka i Zadra.<\/p>\n\n\n\n<h5 class=\"wp-block-heading\">Snijeg, bura i bijeli Bo\u017ei\u0107<\/h5>\n\n\n\n<p>Prosina\u010dke zimske radosti nastupile su 8. dana u mjesecu \u2013 vi\u0161e od 20\n cm snijega palo je u Lici, ne\u0161to manje u Gorskom kotaru, a poneki je \ncentimetar zabilje\u017een u dijelu sredi\u0161nje Hrvatske. Uz jak i olujni \nvjetar ponovno je bilo velikih problema u cestovnom prometu kroz Gorsku \nHrvatsku, a bura je ograni\u010davala promet u priobalju. Sli\u010dna situacija sa\n snijegom i olujnim vjetrom, \u010dak jo\u0161 intenzivnija, ponovila se i u dane \nuo\u010di Bo\u017ei\u0107a koji je nakon niza godina u nekim dijelovima kontinentalne \nHrvatske bio bijeli. Uz to, prohladan i vjetrovit. A jedanaestog dana \nprosinca zabijelio se i Dubrovnik, ali ne od snijega ve\u0107 zbog tu\u010de &#8211;  u \ngradu su se stvorili debeli nanosi sitnog leda kojeg je bilo i u \nokolici.<\/p>\n\n\n\n<h5 class=\"wp-block-heading\">Miran zavr\u0161etak 2024.<\/h5>\n\n\n\n<p>Godinu 2024. ispratit \u0107emo mirno. Na Silvestrovo \u0107e biti prete\u017eno \nsun\u010dano ujutro u unutra\u0161njosti mjestimice s maglom. Vjetar uglavnom \nslab, na Jadranu ujutro mjestimice umjerena bura, a tijekom dana \nsjeverozapadnjak. Najni\u017ea temperatura zraka od -8 \u00b0C do -3 \u00b0C, du\u017e obale\n izme\u0111u 5 \u00b0C i 10 \u00b0C. Najvi\u0161a dnevna od 4 \u00b0C do 9 \u00b0C, na Jadranu izme\u0111u \n13 \u00b0C i 18 \u00b0C. U novogodi\u0161njoj no\u0107i ve\u0107inom vedro uz mogu\u0107nost za \nlokalnu maglu, temperatura na kopnu od -4 \u00b0C do 1 \u00b0C, na Jadranu izme\u0111u 6\n \u00b0C i 11 \u00b0C. Na Novu godinu i u \u010detvrtak, 2. sije\u010dnja 2025. bit \u0107e \ndjelomice ili prete\u017eno sun\u010dano. U \u010detvrtak na sjevernom Jadranu i u \nGorskom kotaru uz vi\u0161e oblaka mjestimice ki\u0161a. U petak, 3. sije\u010dnja \n2025. promjenljivo i prete\u017eno obla\u010dno na Jadranu s ki\u0161om i pljuskovima, a\n na kopnu s ki\u0161om i snijegom, a o\u010dekuje se i snje\u017eni pokriva\u010d. Puhat \u0107e \numjeren do jak jugozapadnjak, u petak na kopnu sjeveroisto\u010dnjak. \nTemperatura zraka u manjem porastu, a u petak na kopnu u osjetnom padu.<\/p>\n","protected":false},"excerpt":{"rendered":"<p>2024 godina je i kod nas, uz toplinu, vru\u0107inu te ve\u0107 uobi\u010dajeni izostanak prave zime,&#8230;<\/p>\n","protected":false},"author":1,"featured_media":5753,"comment_status":"closed","ping_status":"open","sticky":false,"template":"","format":"standard","meta":{"_monsterinsights_skip_tracking":false,"_monsterinsights_sitenote_active":false,"_monsterinsights_sitenote_note":"","_monsterinsights_sitenote_category":0,"footnotes":""},"categories":[10],"tags":[650,50,77,14],"class_list":["post-6448","post","type-post","status-publish","format-standard","has-post-thumbnail","hentry","category-hrvatska","tag-650","tag-dhmz","tag-hrvatska","tag-vrijeme"],"_links":{"self":[{"href":"https:\/\/sibenik-meteo.hr\/index.php\/wp-json\/wp\/v2\/posts\/6448","targetHints":{"allow":["GET"]}}],"collection":[{"href":"https:\/\/sibenik-meteo.hr\/index.php\/wp-json\/wp\/v2\/posts"}],"about":[{"href":"https:\/\/sibenik-meteo.hr\/index.php\/wp-json\/wp\/v2\/types\/post"}],"author":[{"embeddable":true,"href":"https:\/\/sibenik-meteo.hr\/index.php\/wp-json\/wp\/v2\/users\/1"}],"replies":[{"embeddable":true,"href":"https:\/\/sibenik-meteo.hr\/index.php\/wp-json\/wp\/v2\/comments?post=6448"}],"version-history":[{"count":1,"href":"https:\/\/sibenik-meteo.hr\/index.php\/wp-json\/wp\/v2\/posts\/6448\/revisions"}],"predecessor-version":[{"id":6449,"href":"https:\/\/sibenik-meteo.hr\/index.php\/wp-json\/wp\/v2\/posts\/6448\/revisions\/6449"}],"wp:featuredmedia":[{"embeddable":true,"href":"https:\/\/sibenik-meteo.hr\/index.php\/wp-json\/wp\/v2\/media\/5753"}],"wp:attachment":[{"href":"https:\/\/sibenik-meteo.hr\/index.php\/wp-json\/wp\/v2\/media?parent=6448"}],"wp:term":[{"taxonomy":"category","embeddable":true,"href":"https:\/\/sibenik-meteo.hr\/index.php\/wp-json\/wp\/v2\/categories?post=6448"},{"taxonomy":"post_tag","embeddable":true,"href":"https:\/\/sibenik-meteo.hr\/index.php\/wp-json\/wp\/v2\/tags?post=6448"}],"curies":[{"name":"wp","href":"https:\/\/api.w.org\/{rel}","templated":true}]}}