{"id":6422,"date":"2025-01-03T10:44:54","date_gmt":"2025-01-03T09:44:54","guid":{"rendered":"https:\/\/sibenik-meteo.hr\/?p=6422"},"modified":"2025-01-03T10:44:55","modified_gmt":"2025-01-03T09:44:55","slug":"nakon-danasnje-fronte-vikend-stabilan-ali-i-prohladan-uz-jutranji-mraz","status":"publish","type":"post","link":"https:\/\/sibenik-meteo.hr\/index.php\/2025\/01\/03\/nakon-danasnje-fronte-vikend-stabilan-ali-i-prohladan-uz-jutranji-mraz\/","title":{"rendered":"Nakon dana\u0161nje fronte vikend stabilan ali i prohladan uz jutranji mraz"},"content":{"rendered":"\n<p>Ciklona s frontalnim poreme\u0107ajem koja se danas premje\u0161ta preko Jadrana na jugoistok donijela je pogor\u0161anje vremena pra\u0107eno ki\u0161om, a u gorskom i dijelom u kontinentalnom dijelu zemlje lokalno i obilnim snijegom.<\/p>\n\n\n\n<p>Glavnina pogor\u0161anja vremena na na\u0161em podru\u010dju o\u010dekuje se u ranim prijepodnevnim satima kada \u0107e u ve\u0107ini krajeva padati ki\u0161a, a u najvi\u0161em gorju oborine \u0107e okrenuti prolazno na susnje\u017eicu i snijeg. Nakon slabog juga i jugozapadnjaka prolazom sustava zapuhati \u0107e umjereno jaka do jaka bura sa kojom \u0107e i osjetnije zahladiti uz temperature zraka koje \u0107e se do ve\u010deri spustiti na svega 3\u00b0C. Ve\u0107 poslijepodne oborine \u0107e prestati, a nave\u010der naoblaka \u0107e se i raskinuti.<\/p>\n\n\n\n<p>Sutra vedro i uz umjerenu, prema ve\u010deri slabu buru, hladno uz temperature zraka izme\u0111u 1 i 9, a u zale\u0111u od -2 do 7\u00b0C.<\/p>\n\n\n\n<p>U nedjelju vjetar okre\u0107e na jugo sa kojim \u0107e ponovno biti sve vi\u0161e oblaka pa \u0107e u odnosu na subotu prevladavati djelomice sun\u010dano vrijeme. Ujutro dosta hladno uz mraz koji se lokalno mo\u017ee spustiti i do obale, a danju dnevni maksimalci oko 12\u00b0C.<\/p>\n","protected":false},"excerpt":{"rendered":"<p>Ciklona s frontalnim poreme\u0107ajem koja se danas premje\u0161ta preko Jadrana na jugoistok donijela je pogor\u0161anje&#8230;<\/p>\n","protected":false},"author":1,"featured_media":1479,"comment_status":"closed","ping_status":"open","sticky":false,"template":"","format":"standard","meta":{"_monsterinsights_skip_tracking":false,"_monsterinsights_sitenote_active":false,"_monsterinsights_sitenote_note":"","_monsterinsights_sitenote_category":0,"footnotes":""},"categories":[3],"tags":[16,49,222,76,340],"class_list":["post-6422","post","type-post","status-publish","format-standard","has-post-thumbnail","hentry","category-lokalno-vrijeme","tag-dalmacija","tag-jadran","tag-lokalna-prognoza","tag-prognoza-vremena","tag-vikend-prognoza"],"_links":{"self":[{"href":"https:\/\/sibenik-meteo.hr\/index.php\/wp-json\/wp\/v2\/posts\/6422","targetHints":{"allow":["GET"]}}],"collection":[{"href":"https:\/\/sibenik-meteo.hr\/index.php\/wp-json\/wp\/v2\/posts"}],"about":[{"href":"https:\/\/sibenik-meteo.hr\/index.php\/wp-json\/wp\/v2\/types\/post"}],"author":[{"embeddable":true,"href":"https:\/\/sibenik-meteo.hr\/index.php\/wp-json\/wp\/v2\/users\/1"}],"replies":[{"embeddable":true,"href":"https:\/\/sibenik-meteo.hr\/index.php\/wp-json\/wp\/v2\/comments?post=6422"}],"version-history":[{"count":1,"href":"https:\/\/sibenik-meteo.hr\/index.php\/wp-json\/wp\/v2\/posts\/6422\/revisions"}],"predecessor-version":[{"id":6423,"href":"https:\/\/sibenik-meteo.hr\/index.php\/wp-json\/wp\/v2\/posts\/6422\/revisions\/6423"}],"wp:featuredmedia":[{"embeddable":true,"href":"https:\/\/sibenik-meteo.hr\/index.php\/wp-json\/wp\/v2\/media\/1479"}],"wp:attachment":[{"href":"https:\/\/sibenik-meteo.hr\/index.php\/wp-json\/wp\/v2\/media?parent=6422"}],"wp:term":[{"taxonomy":"category","embeddable":true,"href":"https:\/\/sibenik-meteo.hr\/index.php\/wp-json\/wp\/v2\/categories?post=6422"},{"taxonomy":"post_tag","embeddable":true,"href":"https:\/\/sibenik-meteo.hr\/index.php\/wp-json\/wp\/v2\/tags?post=6422"}],"curies":[{"name":"wp","href":"https:\/\/api.w.org\/{rel}","templated":true}]}}