{"id":6412,"date":"2024-12-31T17:10:13","date_gmt":"2024-12-31T16:10:13","guid":{"rendered":"https:\/\/sibenik-meteo.hr\/?p=6412"},"modified":"2024-12-31T17:10:13","modified_gmt":"2024-12-31T16:10:13","slug":"docek-nove-2025-stabilan-uz-prohladno-i-lokalno-maglovito-vrijeme","status":"publish","type":"post","link":"https:\/\/sibenik-meteo.hr\/index.php\/2024\/12\/31\/docek-nove-2025-stabilan-uz-prohladno-i-lokalno-maglovito-vrijeme\/","title":{"rendered":"Do\u010dek Nove 2025 stabilan uz prohladno i lokalno maglovito vrijeme"},"content":{"rendered":"\n<p>Silvestarska ve\u010der i do\u010dek Nove 2025 godine pod utjecajem anticiklone i polja visokog tlaka zraka pro\u0107i \u0107e u znaku stabilnih vremenskih prilika ali i uz pojavu sumaglice i magle, osobito u zapadnom dijelu \u0160ibensko-kninske \u017eupanije kao i u kotlinama zale\u0111a.<\/p>\n\n\n\n<p>Vjetar \u0107e izostati ili \u0107e puhati sasvim slaba bura, a temperature zraka kretati \u0107e se  uz obalu izme\u017eu 6 i 9, a u zale\u0111u od -1 do 4\u00b0C.<\/p>\n\n\n\n<p>Sutra se ve\u0107 tradicionalno, prema prognozi uz prete\u017eno sun\u010dano vrijeme, odr\u017eava i Novogodi\u0161nja banjada pa dodajmo da je temperatura mora u \u0160ibeniku izmjerena na Martinskoj 9\u00b0C, a u Vodicama 15\u00b0C.<\/p>\n\n\n\n<p>\u0160ibenik Meteo \u017eeli Vam sve najbolje, puno uspjeha i zdravlja u Novoj 2025 godini.<br><\/p>\n","protected":false},"excerpt":{"rendered":"<p>Silvestarska ve\u010der i do\u010dek Nove 2025 godine pod utjecajem anticiklone i polja visokog tlaka zraka&#8230;<\/p>\n","protected":false},"author":1,"featured_media":6413,"comment_status":"closed","ping_status":"open","sticky":false,"template":"","format":"standard","meta":{"_monsterinsights_skip_tracking":false,"_monsterinsights_sitenote_active":false,"_monsterinsights_sitenote_note":"","_monsterinsights_sitenote_category":0,"footnotes":""},"categories":[3],"tags":[222],"class_list":["post-6412","post","type-post","status-publish","format-standard","has-post-thumbnail","hentry","category-lokalno-vrijeme","tag-lokalna-prognoza"],"_links":{"self":[{"href":"https:\/\/sibenik-meteo.hr\/index.php\/wp-json\/wp\/v2\/posts\/6412","targetHints":{"allow":["GET"]}}],"collection":[{"href":"https:\/\/sibenik-meteo.hr\/index.php\/wp-json\/wp\/v2\/posts"}],"about":[{"href":"https:\/\/sibenik-meteo.hr\/index.php\/wp-json\/wp\/v2\/types\/post"}],"author":[{"embeddable":true,"href":"https:\/\/sibenik-meteo.hr\/index.php\/wp-json\/wp\/v2\/users\/1"}],"replies":[{"embeddable":true,"href":"https:\/\/sibenik-meteo.hr\/index.php\/wp-json\/wp\/v2\/comments?post=6412"}],"version-history":[{"count":1,"href":"https:\/\/sibenik-meteo.hr\/index.php\/wp-json\/wp\/v2\/posts\/6412\/revisions"}],"predecessor-version":[{"id":6414,"href":"https:\/\/sibenik-meteo.hr\/index.php\/wp-json\/wp\/v2\/posts\/6412\/revisions\/6414"}],"wp:featuredmedia":[{"embeddable":true,"href":"https:\/\/sibenik-meteo.hr\/index.php\/wp-json\/wp\/v2\/media\/6413"}],"wp:attachment":[{"href":"https:\/\/sibenik-meteo.hr\/index.php\/wp-json\/wp\/v2\/media?parent=6412"}],"wp:term":[{"taxonomy":"category","embeddable":true,"href":"https:\/\/sibenik-meteo.hr\/index.php\/wp-json\/wp\/v2\/categories?post=6412"},{"taxonomy":"post_tag","embeddable":true,"href":"https:\/\/sibenik-meteo.hr\/index.php\/wp-json\/wp\/v2\/tags?post=6412"}],"curies":[{"name":"wp","href":"https:\/\/api.w.org\/{rel}","templated":true}]}}