{"id":6370,"date":"2024-12-22T11:41:29","date_gmt":"2024-12-22T10:41:29","guid":{"rendered":"https:\/\/sibenik-meteo.hr\/?p=6370"},"modified":"2024-12-22T11:46:27","modified_gmt":"2024-12-22T10:46:27","slug":"veceras-i-u-noci-novo-jace-pogorsanje-vremena","status":"publish","type":"post","link":"https:\/\/sibenik-meteo.hr\/index.php\/2024\/12\/22\/veceras-i-u-noci-novo-jace-pogorsanje-vremena\/","title":{"rendered":"Ve\u010deras i u no\u0107i novo ja\u010de pogor\u0161anje vremena"},"content":{"rendered":"\n<p>Bura koja je u no\u0107i sasvim oslabila u kombinaciji sa vedrinom rano jutros rezultirala je jako niskim temperaturama zraka i minusima u zale\u0111u, a mraz je dijelom zahvatio i dio obalno-oto\u010dnog dijela \u0160ibensko-kninske \u017eupanije.<\/p>\n\n\n\n<p>Prema mjerenjima automatskih meteorolo\u0161kih postaja iz na\u0161eg sustava najhladnije jutro sa izmjerenih -7\u00b0C osvanulo je u Drni\u0161u i Kijevu. U Kninu i \u0161ibenskoj Dubravi temperatura zraka spustila se do -6, u Bilicama, Oklaju i Miljevcima -5, a u \u010cistoj Velikoj do -4\u00b0C. \u010cak -3\u00b0C izmjereno je na otoku Zlarinu koliko je bilo i u Puti\u010danju, a na Brodarici i u Vodicama je izmjeren minimalac od -2\u00b0C. Ovisno o kvartu u \u0160ibeniku se temperatura zraka kretala izme\u0111u -2 i 1, a na ostatku obale izme\u0111u 1 i najtoplijih 5\u00b0C koliko je izmjereno na krajnjem jugu \u017eupanije.<\/p>\n\n\n\n<p>Anticiklonalni greben nad Jadranom slabi, a sa sjeverozapada kontinenta brzo nam se pribli\u017eava dolina s frontalnim poreme\u0107ajem koja \u0107e u nastavku dana nakon djelomice sun\u010danog jutra donijeti porast naoblake, a kasno nave\u010der i ki\u0161u.<\/p>\n\n\n\n<p>Sredi\u0161te ciklone sa tlakom zraka ispod 1000hPa sutra \u0107e se na\u0107i upravo nad nama \u0161to \u0107e rezultirati izraziti nepovoljnim vremenskim prilikama pra\u0107enim oborinama ali i vjetrovitim vremenom. Glavnina ki\u0161e, a lokalno i pljuskova s grmljavinom, o\u010dekuje se u no\u0107i na ponedjeljak. Sutra tijekom jutra oborine \u0107e u zapadnom dijelu \u017eupanije postupno prestati, a biti \u0107e ih jo\u0161 na krajnjem jugu, istoku i sjeveru. Sa prodorom hladnijeg zraka u drugom dijelu no\u0107i i tijekom jutra oborine \u0107e na planinskim masivima te u vi\u0161em dijelu zale\u0111a postupno prije\u0107i u slabu susnje\u017eicu i snijeg kojeg no\u0161enog jakom burom mo\u017ee biti i u ni\u017eim dijelovima, osobito na podru\u010dju Boraje i Zagore. Od sredine dana oborine \u0107e prestati ali i dalje uz prete\u017eno obla\u010dno vrijeme.<\/p>\n\n\n\n<p>Obzirom da \u0107emo se na\u0107i u neposrednoj blizini sredi\u0161ta ciklone i vjetar \u0107e imati bitnu komponentu u nagla\u0161avanju pogor\u0161anja pa \u0107e nakon dana\u0161njeg juga koje \u0107e prema ve\u010deri ja\u010dati na umjereno, na moru i umjereno jako, u no\u0107i okretati suprotno kazaljki na satu u smjeru jakog jugozapadnjaka i zapadnjaka, a zatim i sjeverozapadnjaka, a pred zoru o\u010dekuje se jaka i olujna bura koja \u0107e puhati jednakim intenzitetom ve\u0107i dio ponedjeljka kao i tijekom utorka.<\/p>\n\n\n\n<p>Temperature zraka danas uz ju\u017einu bez ve\u0107e promjene uz vrijednosti oko 10\u00b0C, a sutra sa burom ponovno hladno uz dnevni hod izme\u0111u 1 i 6\u00b0C u zale\u0111u, odnosno 2 i 9\u00b0C uz obalu. Dojmu hladnog vremena dodatno \u0107e doprinjeti jak vjetar koji \u0107e sniziti osjet hladno\u0107e na jo\u0161 ni\u017ee vrijednosti.<br><\/p>\n","protected":false},"excerpt":{"rendered":"<p>Bura koja je u no\u0107i sasvim oslabila u kombinaciji sa vedrinom rano jutros rezultirala je&#8230;<\/p>\n","protected":false},"author":1,"featured_media":6371,"comment_status":"closed","ping_status":"open","sticky":false,"template":"","format":"standard","meta":{"_monsterinsights_skip_tracking":false,"_monsterinsights_sitenote_active":false,"_monsterinsights_sitenote_note":"","_monsterinsights_sitenote_category":0,"footnotes":""},"categories":[3],"tags":[16,49,222,369,76],"class_list":["post-6370","post","type-post","status-publish","format-standard","has-post-thumbnail","hentry","category-lokalno-vrijeme","tag-dalmacija","tag-jadran","tag-lokalna-prognoza","tag-pogorsanje-vremena","tag-prognoza-vremena"],"_links":{"self":[{"href":"https:\/\/sibenik-meteo.hr\/index.php\/wp-json\/wp\/v2\/posts\/6370","targetHints":{"allow":["GET"]}}],"collection":[{"href":"https:\/\/sibenik-meteo.hr\/index.php\/wp-json\/wp\/v2\/posts"}],"about":[{"href":"https:\/\/sibenik-meteo.hr\/index.php\/wp-json\/wp\/v2\/types\/post"}],"author":[{"embeddable":true,"href":"https:\/\/sibenik-meteo.hr\/index.php\/wp-json\/wp\/v2\/users\/1"}],"replies":[{"embeddable":true,"href":"https:\/\/sibenik-meteo.hr\/index.php\/wp-json\/wp\/v2\/comments?post=6370"}],"version-history":[{"count":2,"href":"https:\/\/sibenik-meteo.hr\/index.php\/wp-json\/wp\/v2\/posts\/6370\/revisions"}],"predecessor-version":[{"id":6373,"href":"https:\/\/sibenik-meteo.hr\/index.php\/wp-json\/wp\/v2\/posts\/6370\/revisions\/6373"}],"wp:featuredmedia":[{"embeddable":true,"href":"https:\/\/sibenik-meteo.hr\/index.php\/wp-json\/wp\/v2\/media\/6371"}],"wp:attachment":[{"href":"https:\/\/sibenik-meteo.hr\/index.php\/wp-json\/wp\/v2\/media?parent=6370"}],"wp:term":[{"taxonomy":"category","embeddable":true,"href":"https:\/\/sibenik-meteo.hr\/index.php\/wp-json\/wp\/v2\/categories?post=6370"},{"taxonomy":"post_tag","embeddable":true,"href":"https:\/\/sibenik-meteo.hr\/index.php\/wp-json\/wp\/v2\/tags?post=6370"}],"curies":[{"name":"wp","href":"https:\/\/api.w.org\/{rel}","templated":true}]}}