{"id":6368,"date":"2024-12-20T11:04:02","date_gmt":"2024-12-20T10:04:02","guid":{"rendered":"https:\/\/sibenik-meteo.hr\/?p=6368"},"modified":"2024-12-20T11:04:02","modified_gmt":"2024-12-20T10:04:02","slug":"vikend-prognoza-izmedu-dva-pogorsanja","status":"publish","type":"post","link":"https:\/\/sibenik-meteo.hr\/index.php\/2024\/12\/20\/vikend-prognoza-izmedu-dva-pogorsanja\/","title":{"rendered":"Vikend prognoza: Izme\u0111u dva pogor\u0161anja"},"content":{"rendered":"\n<p>Premje\u0161tanje frontalnog sustava i ciklone preko Jadrana danas je donijelo pogor\u0161anje vremena pra\u0107eno ki\u0161om i pljuskovima, a zapadnije od na\u0161eg podru\u010dja i grmljavinom. Sustav se u jutarnjim satima jo\u0161 nije premjestio preko na\u0161eg podru\u010dja pa su temperature zraka i dalje pod utjecajem ju\u017eine za doba godine ugodne i penju se do 16\u00b0C.<\/p>\n\n\n\n<p>Prolazom sustava koji je ve\u0107 zahvatio zadarasko podru\u010dje te se malo prije 11h nalazi na zapadnim granicama \u0160ibensko-kninske \u017eupanije do\u0107i do pojave lokalnih grmljavinskih pljuskova, a vjetar \u0107e s juga okrenuti na buru koja \u0107e prema ve\u010deri uz postupan prestanak oborina i raskidanje naoblake imati i jake udare. Nakon toplog jutra poslijepodne i nave\u010der dosta hladnije uz temperature zraka ni\u017ee i do 10-tak stupnjeva, a dojam hladno\u0107e poja\u010davati \u0107e i dosta vjetrovito vrijeme.<\/p>\n\n\n\n<p>Subota donosi prolaznu stabilizaciju vremena uz prete\u017eno sun\u010dano vrijeme. Poja\u010dana bura puhati \u0107e jo\u0161 u prvom dijelu dana, a u drugom \u0107e oslabiti na slabu do umjernu. U odnosu na prethodne dane dosta hladnije uz temperature zraka izme\u0111u 3 i 9\u00b0C.<\/p>\n\n\n\n<p>Vedra i tiha no\u0107 u nedjelju ujutro spustiti \u0107e mraz sve do obale, a nakon prete\u017eno sun\u010danog jutra od sredine dana uz okretanje vjetra na jugo do\u0107i \u0107e do postupnog porasta naoblake, a kasno nave\u010der o\u010dekuje se i ki\u0161a. Danju i nave\u010der temperatura zraka oko deset stupnjeva.<\/p>\n","protected":false},"excerpt":{"rendered":"<p>Premje\u0161tanje frontalnog sustava i ciklone preko Jadrana danas je donijelo pogor\u0161anje vremena pra\u0107eno ki\u0161om i&#8230;<\/p>\n","protected":false},"author":1,"featured_media":391,"comment_status":"closed","ping_status":"open","sticky":false,"template":"","format":"standard","meta":{"_monsterinsights_skip_tracking":false,"_monsterinsights_sitenote_active":false,"_monsterinsights_sitenote_note":"","_monsterinsights_sitenote_category":0,"footnotes":""},"categories":[3],"tags":[16,570,222,340],"class_list":["post-6368","post","type-post","status-publish","format-standard","has-post-thumbnail","hentry","category-lokalno-vrijeme","tag-dalmacija","tag-jadrtovac","tag-lokalna-prognoza","tag-vikend-prognoza"],"_links":{"self":[{"href":"https:\/\/sibenik-meteo.hr\/index.php\/wp-json\/wp\/v2\/posts\/6368","targetHints":{"allow":["GET"]}}],"collection":[{"href":"https:\/\/sibenik-meteo.hr\/index.php\/wp-json\/wp\/v2\/posts"}],"about":[{"href":"https:\/\/sibenik-meteo.hr\/index.php\/wp-json\/wp\/v2\/types\/post"}],"author":[{"embeddable":true,"href":"https:\/\/sibenik-meteo.hr\/index.php\/wp-json\/wp\/v2\/users\/1"}],"replies":[{"embeddable":true,"href":"https:\/\/sibenik-meteo.hr\/index.php\/wp-json\/wp\/v2\/comments?post=6368"}],"version-history":[{"count":1,"href":"https:\/\/sibenik-meteo.hr\/index.php\/wp-json\/wp\/v2\/posts\/6368\/revisions"}],"predecessor-version":[{"id":6369,"href":"https:\/\/sibenik-meteo.hr\/index.php\/wp-json\/wp\/v2\/posts\/6368\/revisions\/6369"}],"wp:featuredmedia":[{"embeddable":true,"href":"https:\/\/sibenik-meteo.hr\/index.php\/wp-json\/wp\/v2\/media\/391"}],"wp:attachment":[{"href":"https:\/\/sibenik-meteo.hr\/index.php\/wp-json\/wp\/v2\/media?parent=6368"}],"wp:term":[{"taxonomy":"category","embeddable":true,"href":"https:\/\/sibenik-meteo.hr\/index.php\/wp-json\/wp\/v2\/categories?post=6368"},{"taxonomy":"post_tag","embeddable":true,"href":"https:\/\/sibenik-meteo.hr\/index.php\/wp-json\/wp\/v2\/tags?post=6368"}],"curies":[{"name":"wp","href":"https:\/\/api.w.org\/{rel}","templated":true}]}}