{"id":6344,"date":"2024-11-29T13:02:14","date_gmt":"2024-11-29T12:02:14","guid":{"rendered":"https:\/\/sibenik-meteo.hr\/?p=6344"},"modified":"2024-11-29T13:02:14","modified_gmt":"2024-11-29T12:02:14","slug":"sutra-hladno-uz-jaku-buru","status":"publish","type":"post","link":"https:\/\/sibenik-meteo.hr\/index.php\/2024\/11\/29\/sutra-hladno-uz-jaku-buru\/","title":{"rendered":"Sutra hladno uz jaku buru"},"content":{"rendered":"\n<p>Ciklona s frontalnim poreme\u0107ajem koja je ju\u010der donijela prolazno pogor\u0161anje vremena udaljava se prema jugoistoku, a nad Jadranom ja\u010da anticiklonalno polje pa je u takvom rasporedu bari\u010dikih sustava jutros nastupilo razvedravanje ali u no\u0107i i ja\u010danje bure uz pristizanje hladnijeg zraka sa sjevera kontinenta.<\/p>\n\n\n\n<p>Kako \u0107e se u danima vikenda ju\u017enije od nas zadr\u017eavati ciklonalno polje vrijeme se ne\u0107e posve stabilizirati pa \u0107e nakon danas prete\u017eno vedrog vremena od sutra ponovno nebo sve vi\u0161e prekrivati oblaci ali uglavnom oni srednji i visoki bez oborina. Bura \u0107e dodatno poja\u010dati pa \u0107e sutra imati jake i olujne udare, a u drugom dijelu nedjelje \u0107e oslabiti.<\/p>\n\n\n\n<p>Temperature zraka \u0107e se u odnosu na prethodne dane osjetno sniziti pa \u0107e se dana\u0161nji maksimalci kretati tek poneki stupnaj iznad 10, a sli\u010dno \u0107e biti i sutra kada \u0107e dnevni hod temperature zraka biti izme\u0111u 7 i 12\u00b0C. U nedjelju jutarnja temperatura zraka \u0107e biti sli\u010dna, odnosno kretati \u0107e se oko 7\u00b0C, dok maksimalna dnevna zbog slabljenja bure ipak vi\u0161a, lokalno i do 16\u00b0C.<\/p>\n","protected":false},"excerpt":{"rendered":"<p>Ciklona s frontalnim poreme\u0107ajem koja je ju\u010der donijela prolazno pogor\u0161anje vremena udaljava se prema jugoistoku,&#8230;<\/p>\n","protected":false},"author":1,"featured_media":980,"comment_status":"closed","ping_status":"open","sticky":false,"template":"","format":"standard","meta":{"_monsterinsights_skip_tracking":false,"_monsterinsights_sitenote_active":false,"_monsterinsights_sitenote_note":"","_monsterinsights_sitenote_category":0,"footnotes":""},"categories":[3],"tags":[15,16,49,222,340],"class_list":["post-6344","post","type-post","status-publish","format-standard","has-post-thumbnail","hentry","category-lokalno-vrijeme","tag-bura","tag-dalmacija","tag-jadran","tag-lokalna-prognoza","tag-vikend-prognoza"],"_links":{"self":[{"href":"https:\/\/sibenik-meteo.hr\/index.php\/wp-json\/wp\/v2\/posts\/6344","targetHints":{"allow":["GET"]}}],"collection":[{"href":"https:\/\/sibenik-meteo.hr\/index.php\/wp-json\/wp\/v2\/posts"}],"about":[{"href":"https:\/\/sibenik-meteo.hr\/index.php\/wp-json\/wp\/v2\/types\/post"}],"author":[{"embeddable":true,"href":"https:\/\/sibenik-meteo.hr\/index.php\/wp-json\/wp\/v2\/users\/1"}],"replies":[{"embeddable":true,"href":"https:\/\/sibenik-meteo.hr\/index.php\/wp-json\/wp\/v2\/comments?post=6344"}],"version-history":[{"count":1,"href":"https:\/\/sibenik-meteo.hr\/index.php\/wp-json\/wp\/v2\/posts\/6344\/revisions"}],"predecessor-version":[{"id":6345,"href":"https:\/\/sibenik-meteo.hr\/index.php\/wp-json\/wp\/v2\/posts\/6344\/revisions\/6345"}],"wp:featuredmedia":[{"embeddable":true,"href":"https:\/\/sibenik-meteo.hr\/index.php\/wp-json\/wp\/v2\/media\/980"}],"wp:attachment":[{"href":"https:\/\/sibenik-meteo.hr\/index.php\/wp-json\/wp\/v2\/media?parent=6344"}],"wp:term":[{"taxonomy":"category","embeddable":true,"href":"https:\/\/sibenik-meteo.hr\/index.php\/wp-json\/wp\/v2\/categories?post=6344"},{"taxonomy":"post_tag","embeddable":true,"href":"https:\/\/sibenik-meteo.hr\/index.php\/wp-json\/wp\/v2\/tags?post=6344"}],"curies":[{"name":"wp","href":"https:\/\/api.w.org\/{rel}","templated":true}]}}