{"id":6337,"date":"2024-11-26T21:38:20","date_gmt":"2024-11-26T20:38:20","guid":{"rendered":"https:\/\/sibenik-meteo.hr\/?p=6337"},"modified":"2024-11-27T10:42:53","modified_gmt":"2024-11-27T09:42:53","slug":"splitska-zdrastvena-skola-opremljena-meteo-postajom-i-grmljavinskim-senzorom","status":"publish","type":"post","link":"https:\/\/sibenik-meteo.hr\/index.php\/2024\/11\/26\/splitska-zdrastvena-skola-opremljena-meteo-postajom-i-grmljavinskim-senzorom\/","title":{"rendered":"Splitska Zdrastvena \u0161kola opremljena meteo postajom i grmljavinskim senzorom"},"content":{"rendered":"\n<p>Splitska Zdrastvena \u0161kola koja se nalazi u kotaru Ba\u010dvice, u blizini bolnice Firule, od nedavno je opremljena automatskom meteorolo\u0161kom postajom Ecowitt koji su \u010dlanovi Udruge \u0160ibenik Meteo instalirali na krov \u0161kole, \u0161to je nakon Prirodoslovno-tehni\u010dke druga \u0161kola u Splitu, odnosno projekt u kojem smo sudjelovali.<\/p>\n\n\n\n<p>Sama postaja osim standardnih senzora opremljena je i dodatnim za mjerenje solarnog zra\u010denja te visine UV index-a. Uz osnovnu postaju postavljen je od istog proizvo\u0111a\u010da i <a href=\"https:\/\/sibenik-meteo.hr\/index.php\/grmljavina\/\">grmljavinski senzor<\/a>, tzv. broja\u010d udara munja koji registrira i broji pra\u017enjenja u neposrednoj blizini grada.<\/p>\n\n\n\n<p>Meteo podaci su dostupni na <a href=\"https:\/\/sibenik-meteo.hr\/index.php\/amp-split-bacvice\/\">internetu<\/a> gotovo u realnom vremenu, a sama postaja svakodnevno \u0161alje izmjerene podatke na GLOBE server.  Voditeljica projekta GLOBE prof. <strong>Ines Pavi\u0161kov <\/strong>objasnila  je va\u017enost ure\u0111aja za budu\u0107e istra\u017eiva\u010dke radove u\u010denika s naglaskom na o\u010duvanje okoli\u0161a. Zdravstvena \u0161kola je protekle \u010detiri godine aktivno sudjelovala u me\u0111u\u017eupanijskim smotrama, a lani bila i doma\u0107in smotre GLOBE. Ovaj ure\u0111aj je neophodan za daljnji razvoj projekta i uspje\u0161nu suradnju s drugim \u0161kolama diljem svijeta. <\/p>\n\n\n\n<p>Projekt je realiziran donacijom Rotary kluba Solin.<\/p>\n","protected":false},"excerpt":{"rendered":"<p>Splitska Zdrastvena \u0161kola koja se nalazi u kotaru Ba\u010dvice, u blizini bolnice Firule, od nedavno&#8230;<\/p>\n","protected":false},"author":1,"featured_media":6338,"comment_status":"closed","ping_status":"open","sticky":false,"template":"","format":"standard","meta":{"_monsterinsights_skip_tracking":false,"_monsterinsights_sitenote_active":false,"_monsterinsights_sitenote_note":"","_monsterinsights_sitenote_category":0,"footnotes":""},"categories":[10],"tags":[16,77,491,192],"class_list":["post-6337","post","type-post","status-publish","format-standard","has-post-thumbnail","hentry","category-hrvatska","tag-dalmacija","tag-hrvatska","tag-meteoroloska-postaja","tag-split"],"_links":{"self":[{"href":"https:\/\/sibenik-meteo.hr\/index.php\/wp-json\/wp\/v2\/posts\/6337","targetHints":{"allow":["GET"]}}],"collection":[{"href":"https:\/\/sibenik-meteo.hr\/index.php\/wp-json\/wp\/v2\/posts"}],"about":[{"href":"https:\/\/sibenik-meteo.hr\/index.php\/wp-json\/wp\/v2\/types\/post"}],"author":[{"embeddable":true,"href":"https:\/\/sibenik-meteo.hr\/index.php\/wp-json\/wp\/v2\/users\/1"}],"replies":[{"embeddable":true,"href":"https:\/\/sibenik-meteo.hr\/index.php\/wp-json\/wp\/v2\/comments?post=6337"}],"version-history":[{"count":2,"href":"https:\/\/sibenik-meteo.hr\/index.php\/wp-json\/wp\/v2\/posts\/6337\/revisions"}],"predecessor-version":[{"id":6340,"href":"https:\/\/sibenik-meteo.hr\/index.php\/wp-json\/wp\/v2\/posts\/6337\/revisions\/6340"}],"wp:featuredmedia":[{"embeddable":true,"href":"https:\/\/sibenik-meteo.hr\/index.php\/wp-json\/wp\/v2\/media\/6338"}],"wp:attachment":[{"href":"https:\/\/sibenik-meteo.hr\/index.php\/wp-json\/wp\/v2\/media?parent=6337"}],"wp:term":[{"taxonomy":"category","embeddable":true,"href":"https:\/\/sibenik-meteo.hr\/index.php\/wp-json\/wp\/v2\/categories?post=6337"},{"taxonomy":"post_tag","embeddable":true,"href":"https:\/\/sibenik-meteo.hr\/index.php\/wp-json\/wp\/v2\/tags?post=6337"}],"curies":[{"name":"wp","href":"https:\/\/api.w.org\/{rel}","templated":true}]}}