{"id":6325,"date":"2024-11-25T11:03:46","date_gmt":"2024-11-25T10:03:46","guid":{"rendered":"https:\/\/sibenik-meteo.hr\/?p=6325"},"modified":"2024-11-25T11:03:47","modified_gmt":"2024-11-25T10:03:47","slug":"prema-vikendu-sve-nestabilnije-i-hladnije","status":"publish","type":"post","link":"https:\/\/sibenik-meteo.hr\/index.php\/2024\/11\/25\/prema-vikendu-sve-nestabilnije-i-hladnije\/","title":{"rendered":"Prema vikendu sve nestabilnije i hladnije"},"content":{"rendered":"\n<p>Nad Jadranom se zadr\u017eava anticiklonalno polje, dok se sjevernije od njega prema istoku premje\u0161ta oslabljen frontalni sustav pa je tjedan zapo\u010deo uz umjereno do prete\u017eno obla\u010dno i tiho vrijeme. Temperature zraka su za doba godine sasvim ugodne i kre\u0107u se izme\u0111u 10 na sjeveru do 17 stupnjeva na otocima.<\/p>\n\n\n\n<p>U nastavku dana i dalje tiho ili uz slab vjetar isto\u010dnih i ju\u017enih smjerova, a niska naoblaka \u0107e se postupno raskinuti pa \u0107e od sredine dana biti djelomice do prete\u017eno sun\u010dano vrijeme uz maksimalne temperature zraka do 17\u00b0C.<\/p>\n\n\n\n<p>Sutra i prekosutra djelomice do prete\u017eno sun\u010dano, prema sjevernom Jadranu vi\u0161e oblaka uz povremenu ki\u0161u. Puhati \u0107e slabo do umjereno jugo uz temperature zraka sli\u010dne dana\u0161njima.<\/p>\n\n\n\n<p>U \u010detvrtak i petak nastupa pogor\u0161anje vremena uz umjereno do prete\u017eno obla\u010dno vrijeme i ki\u0161u. te prvo jugo, a od petka i \u0161kura bura. <\/p>\n\n\n\n<p>Jezgra hladnog zraka koja \u0107e se prema danima vikenda spustiti na ovaj dio kontinenta rezultirati \u0107e i osjetno hladnijim vremenom pa \u0107e se temperature zraka od petka sniziti i kretati se izme\u0111u 8 i 12, odnosno tijekom djelomice sun\u010danog vikenda izme\u0111u 4 i 10\u00b0C.<\/p>\n","protected":false},"excerpt":{"rendered":"<p>Nad Jadranom se zadr\u017eava anticiklonalno polje, dok se sjevernije od njega prema istoku premje\u0161ta oslabljen&#8230;<\/p>\n","protected":false},"author":1,"featured_media":2931,"comment_status":"closed","ping_status":"open","sticky":false,"template":"","format":"standard","meta":{"_monsterinsights_skip_tracking":false,"_monsterinsights_sitenote_active":false,"_monsterinsights_sitenote_note":"","_monsterinsights_sitenote_category":0,"footnotes":""},"categories":[3],"tags":[16,49,222,143],"class_list":["post-6325","post","type-post","status-publish","format-standard","has-post-thumbnail","hentry","category-lokalno-vrijeme","tag-dalmacija","tag-jadran","tag-lokalna-prognoza","tag-tjedna-prognoza"],"_links":{"self":[{"href":"https:\/\/sibenik-meteo.hr\/index.php\/wp-json\/wp\/v2\/posts\/6325","targetHints":{"allow":["GET"]}}],"collection":[{"href":"https:\/\/sibenik-meteo.hr\/index.php\/wp-json\/wp\/v2\/posts"}],"about":[{"href":"https:\/\/sibenik-meteo.hr\/index.php\/wp-json\/wp\/v2\/types\/post"}],"author":[{"embeddable":true,"href":"https:\/\/sibenik-meteo.hr\/index.php\/wp-json\/wp\/v2\/users\/1"}],"replies":[{"embeddable":true,"href":"https:\/\/sibenik-meteo.hr\/index.php\/wp-json\/wp\/v2\/comments?post=6325"}],"version-history":[{"count":1,"href":"https:\/\/sibenik-meteo.hr\/index.php\/wp-json\/wp\/v2\/posts\/6325\/revisions"}],"predecessor-version":[{"id":6326,"href":"https:\/\/sibenik-meteo.hr\/index.php\/wp-json\/wp\/v2\/posts\/6325\/revisions\/6326"}],"wp:featuredmedia":[{"embeddable":true,"href":"https:\/\/sibenik-meteo.hr\/index.php\/wp-json\/wp\/v2\/media\/2931"}],"wp:attachment":[{"href":"https:\/\/sibenik-meteo.hr\/index.php\/wp-json\/wp\/v2\/media?parent=6325"}],"wp:term":[{"taxonomy":"category","embeddable":true,"href":"https:\/\/sibenik-meteo.hr\/index.php\/wp-json\/wp\/v2\/categories?post=6325"},{"taxonomy":"post_tag","embeddable":true,"href":"https:\/\/sibenik-meteo.hr\/index.php\/wp-json\/wp\/v2\/tags?post=6325"}],"curies":[{"name":"wp","href":"https:\/\/api.w.org\/{rel}","templated":true}]}}