{"id":6311,"date":"2024-11-22T11:05:14","date_gmt":"2024-11-22T10:05:14","guid":{"rendered":"https:\/\/sibenik-meteo.hr\/?p=6311"},"modified":"2024-11-22T11:11:10","modified_gmt":"2024-11-22T10:11:10","slug":"vikend-stabilan-i-prohladan","status":"publish","type":"post","link":"https:\/\/sibenik-meteo.hr\/index.php\/2024\/11\/22\/vikend-stabilan-i-prohladan\/","title":{"rendered":"Vikend stabilan i prohladan"},"content":{"rendered":"\n<p>Hladna fronta koja se jutros premje\u0161ta preko Jadrana uz prete\u017eno obla\u010dno vrijeme donijela je lokalno i izra\u017eenije oborine, a vjetar nakon jakih ju\u017enih i jugozapadnih smjerova postupno okre\u0107e na sjeverozapadne i sjeverne.<\/p>\n\n\n\n<p>Prema mjerenjima automatskih meteorolo\u0161kih postaja na podru\u010dju od \u0160ibenika do Drni\u0161a palo je u prosjeku oko 25 litara ki\u0161e po metru \u010detvornome, a na ostalom podru\u010dju one su manje i kre\u0107u \u0107e se izme\u0111u 5 i 20 litara. Jutro je uz izra\u017eenu ju\u017einu zapo\u010delo i sa visokim temperaturama zraka koje su u 7h na brojnim lokacijama uz obalu bile i do 18\u00b0C, dok je prolazom sustava do\u0161lo do njihovog pada pa su one u prosjeku ni\u017ee i do pet stupnjeva i kre\u0107u se izme\u0111u 12 i 16\u00b0C.<\/p>\n\n\n\n<p>U nastavku dana pad \u0107e se s okretanjem vjetra na buru dodatno poja\u010dati pa \u0107e tijekom poslijepodneva i ve\u010deri naglo zahladiti uz temperature zraka izme\u0111u 1 i 5\u00b0C. Oborine \u0107e postupno slabiti, a nave\u010der se o\u010dekuje i postupno raskidanje naoblake. Ki\u0161a \u0107e postupno na planinskim masivima prelaziti u slabu  susnje\u017eicu i snijeg kojeg nave\u010der ukoliko bude oborina mo\u017ee biti i u vi\u0161em dijelu zale\u0111a.<\/p>\n\n\n\n<p>U danima vikenda nastupiti \u0107e stabilizacija vremenskih prilika uz djelomice do prete\u017eno sun\u010dano vrijeme. Bura \u0107e sutra postupno oslabiti, a u nedjelju \u0107e biti uglavnom tiho. <\/p>\n\n\n\n<p>Sutra ujutro hladno uz niske temperature zraka koje \u0107e se i uz obalu spsutiti ispod pet stupnjeva, a u zale\u0111u oko nule ili \u010dak u blagom minusu. Tijekom dana zubato sunce \u0107e nas ugrijati do destak stupnjeva, a u nedjelju sli\u010dno ali ipak uz vi\u0161e dnevne temperature zraka koje bi se mogle popeti i do 15\u00b0C.<\/p>\n","protected":false},"excerpt":{"rendered":"<p>Hladna fronta koja se jutros premje\u0161ta preko Jadrana uz prete\u017eno obla\u010dno vrijeme donijela je lokalno&#8230;<\/p>\n","protected":false},"author":1,"featured_media":3905,"comment_status":"closed","ping_status":"open","sticky":false,"template":"","format":"standard","meta":{"_monsterinsights_skip_tracking":false,"_monsterinsights_sitenote_active":false,"_monsterinsights_sitenote_note":"","_monsterinsights_sitenote_category":0,"footnotes":""},"categories":[3],"tags":[16,49,222,340],"class_list":["post-6311","post","type-post","status-publish","format-standard","has-post-thumbnail","hentry","category-lokalno-vrijeme","tag-dalmacija","tag-jadran","tag-lokalna-prognoza","tag-vikend-prognoza"],"_links":{"self":[{"href":"https:\/\/sibenik-meteo.hr\/index.php\/wp-json\/wp\/v2\/posts\/6311","targetHints":{"allow":["GET"]}}],"collection":[{"href":"https:\/\/sibenik-meteo.hr\/index.php\/wp-json\/wp\/v2\/posts"}],"about":[{"href":"https:\/\/sibenik-meteo.hr\/index.php\/wp-json\/wp\/v2\/types\/post"}],"author":[{"embeddable":true,"href":"https:\/\/sibenik-meteo.hr\/index.php\/wp-json\/wp\/v2\/users\/1"}],"replies":[{"embeddable":true,"href":"https:\/\/sibenik-meteo.hr\/index.php\/wp-json\/wp\/v2\/comments?post=6311"}],"version-history":[{"count":2,"href":"https:\/\/sibenik-meteo.hr\/index.php\/wp-json\/wp\/v2\/posts\/6311\/revisions"}],"predecessor-version":[{"id":6313,"href":"https:\/\/sibenik-meteo.hr\/index.php\/wp-json\/wp\/v2\/posts\/6311\/revisions\/6313"}],"wp:featuredmedia":[{"embeddable":true,"href":"https:\/\/sibenik-meteo.hr\/index.php\/wp-json\/wp\/v2\/media\/3905"}],"wp:attachment":[{"href":"https:\/\/sibenik-meteo.hr\/index.php\/wp-json\/wp\/v2\/media?parent=6311"}],"wp:term":[{"taxonomy":"category","embeddable":true,"href":"https:\/\/sibenik-meteo.hr\/index.php\/wp-json\/wp\/v2\/categories?post=6311"},{"taxonomy":"post_tag","embeddable":true,"href":"https:\/\/sibenik-meteo.hr\/index.php\/wp-json\/wp\/v2\/tags?post=6311"}],"curies":[{"name":"wp","href":"https:\/\/api.w.org\/{rel}","templated":true}]}}