{"id":6295,"date":"2024-11-18T11:05:44","date_gmt":"2024-11-18T10:05:44","guid":{"rendered":"https:\/\/sibenik-meteo.hr\/?p=6295"},"modified":"2024-11-18T11:11:16","modified_gmt":"2024-11-18T10:11:16","slug":"u-narednim-danima-izrazena-ciklonalna-aktivnost","status":"publish","type":"post","link":"https:\/\/sibenik-meteo.hr\/index.php\/2024\/11\/18\/u-narednim-danima-izrazena-ciklonalna-aktivnost\/","title":{"rendered":"U narednim danima izra\u017eena ciklonalna aktivnost"},"content":{"rendered":"\n<p>Nad Jadranom polje pribli\u017eno srednjeg tlaka zraka postupno slabi, dok se nad Ligurskim morem nalazi plitka ciklona koja \u0107e ujedno biti prva od nekoliko njih koje \u0107e narednih dana donijeti \u010destu promjenu vremena i prekinuti dugo razdoblje stabilnog vremna.<\/p>\n\n\n\n<p>Postupno naobla\u010denje usljedilo je ve\u0107 ju\u010der u poslijepodnevnim satima, a tijekom ve\u010deri i no\u0107i bilo je i slabe ki\u0161e. I ponedjeljak je zapo\u010deo u istom tonu pa jutros na cijelom podru\u010dju prevladava djelomice do prete\u017eno obla\u010dno vrijeme uz uglavnom lokalno slabu ki\u0161u, a jedan ja\u010di razvoj zahvatio je dio otoka pa je primjerice u Prvi\u0107 \u0160epurini za kratko vrijeme od pljuska akumulirano 22 litre ki\u0161e. Uz slabo jugo i levanat temperature zraka su na cijelom podru\u010dju poprili\u010dno ujedna\u010dene i kre\u0107u se izme\u0111u 11 i 14\u00b0C.<\/p>\n\n\n\n<p>U nastavku ali i narednih dana dosta promjenjivo uz \u010destu izmjenu vremenskih prilika kako se ciklonalni centri budu premje\u0161tali iznad nas. Pri tome najnestabilnije \u0107e biti u srijedu te u drugom dijelu \u010detvrtka i tijekom petka kada se o\u010dekuje i zahla\u0111enje i spu\u0161tanje snje\u017ene granice pa susnje\u017eice i snijega mo\u017ee biti i u vi\u0161im dijelovima zale\u0111a te osobito na planinskim masivima Dinare i Svilaje.<\/p>\n\n\n\n<p>I vjetar \u0107e shodno tome \u010desto mijenajati smjerove i snagu pa \u0107e ve\u010deras okrenuti na jugo koje \u0107e sutra poja\u010dati na umjereno do umjereno jako. U drugom dijelu srijede vjetar okre\u0107e na umjerenu do umjereno jaku buru, a u \u010detvrtak poslijepodne i nave\u010der ponovno na umjereno jako i jako jugo i o\u0161tro koje \u0107e puhati i u prvom dijelu petka kada \u0107e se smiriti i uz zahla\u0111enje okrenuti na buru.<\/p>\n\n\n\n<p>I temperature zraka \u0107e dosta varirati i biti ovisne o aktualnim vjetrovima pa tako za vrijeme ju\u017eine kretati se izme\u0111u 12 i 17, a tijekom bure spustiti se na vrijednosti od 5 do 12\u00b0C.<\/p>\n\n\n\n<p>Prema dana\u0161njim prognosti\u010dkim materijalima u danima vikenda vrijeme \u0107e se stabilizirati pa se o\u010dekuje djelomice do prete\u017eno sun\u010dano vrijeme uz jo\u0161 u po\u010detku slabe do umjerene sjeverne vjetrove, a u nedjelju jugo. Temperature zraka izme\u0111u 3 i 15\u00b0C.<br><\/p>\n","protected":false},"excerpt":{"rendered":"<p>Nad Jadranom polje pribli\u017eno srednjeg tlaka zraka postupno slabi, dok se nad Ligurskim morem nalazi&#8230;<\/p>\n","protected":false},"author":1,"featured_media":6091,"comment_status":"closed","ping_status":"open","sticky":false,"template":"","format":"standard","meta":{"_monsterinsights_skip_tracking":false,"_monsterinsights_sitenote_active":false,"_monsterinsights_sitenote_note":"","_monsterinsights_sitenote_category":0,"footnotes":""},"categories":[3],"tags":[16,49,222,76,143],"class_list":["post-6295","post","type-post","status-publish","format-standard","has-post-thumbnail","hentry","category-lokalno-vrijeme","tag-dalmacija","tag-jadran","tag-lokalna-prognoza","tag-prognoza-vremena","tag-tjedna-prognoza"],"_links":{"self":[{"href":"https:\/\/sibenik-meteo.hr\/index.php\/wp-json\/wp\/v2\/posts\/6295","targetHints":{"allow":["GET"]}}],"collection":[{"href":"https:\/\/sibenik-meteo.hr\/index.php\/wp-json\/wp\/v2\/posts"}],"about":[{"href":"https:\/\/sibenik-meteo.hr\/index.php\/wp-json\/wp\/v2\/types\/post"}],"author":[{"embeddable":true,"href":"https:\/\/sibenik-meteo.hr\/index.php\/wp-json\/wp\/v2\/users\/1"}],"replies":[{"embeddable":true,"href":"https:\/\/sibenik-meteo.hr\/index.php\/wp-json\/wp\/v2\/comments?post=6295"}],"version-history":[{"count":3,"href":"https:\/\/sibenik-meteo.hr\/index.php\/wp-json\/wp\/v2\/posts\/6295\/revisions"}],"predecessor-version":[{"id":6298,"href":"https:\/\/sibenik-meteo.hr\/index.php\/wp-json\/wp\/v2\/posts\/6295\/revisions\/6298"}],"wp:featuredmedia":[{"embeddable":true,"href":"https:\/\/sibenik-meteo.hr\/index.php\/wp-json\/wp\/v2\/media\/6091"}],"wp:attachment":[{"href":"https:\/\/sibenik-meteo.hr\/index.php\/wp-json\/wp\/v2\/media?parent=6295"}],"wp:term":[{"taxonomy":"category","embeddable":true,"href":"https:\/\/sibenik-meteo.hr\/index.php\/wp-json\/wp\/v2\/categories?post=6295"},{"taxonomy":"post_tag","embeddable":true,"href":"https:\/\/sibenik-meteo.hr\/index.php\/wp-json\/wp\/v2\/tags?post=6295"}],"curies":[{"name":"wp","href":"https:\/\/api.w.org\/{rel}","templated":true}]}}