{"id":6285,"date":"2024-11-08T10:58:18","date_gmt":"2024-11-08T09:58:18","guid":{"rendered":"https:\/\/sibenik-meteo.hr\/?p=6285"},"modified":"2024-11-08T10:58:19","modified_gmt":"2024-11-08T09:58:19","slug":"vikend-suncan-uz-prolazno-jacanje-bure","status":"publish","type":"post","link":"https:\/\/sibenik-meteo.hr\/index.php\/2024\/11\/08\/vikend-suncan-uz-prolazno-jacanje-bure\/","title":{"rendered":"Vikend sun\u010dan uz prolazno ja\u010danje bure"},"content":{"rendered":"\n<p>Anticiklona koja suvereno dominira starim kontinentom ve\u0107 du\u017ei period vremena osigurava stabilne vremenske prilike uz prete\u017eno sun\u010dano vrijeme na Jadranu.<\/p>\n\n\n\n<p>Sli\u010dna situacija nastaviti \u0107e se danas kao i u danima vikenda pa \u0107e dani pred nama obilovati sun\u010danim satima, a jedina promjena koja \u0107e nastupiti je ja\u010danje bure u drugom dijelu nedjelje. Danas i sutra vjetar i dalje slab, no\u0107u tiho ili slaba bura, a danju na moru prolazno poja\u010dan sjeverozapadnjak.<\/p>\n\n\n\n<p>Temperature zraka za doba godine i dalje ugodne, uz obalu izme\u0111u 10 i 20\u00b0C, a u zale\u0111u od 3 do 18\u00b0C.<\/p>\n","protected":false},"excerpt":{"rendered":"<p>Anticiklona koja suvereno dominira starim kontinentom ve\u0107 du\u017ei period vremena osigurava stabilne vremenske prilike uz&#8230;<\/p>\n","protected":false},"author":1,"featured_media":6133,"comment_status":"closed","ping_status":"open","sticky":false,"template":"","format":"standard","meta":{"_monsterinsights_skip_tracking":false,"_monsterinsights_sitenote_active":false,"_monsterinsights_sitenote_note":"","_monsterinsights_sitenote_category":0,"footnotes":""},"categories":[3],"tags":[16,49,222,76,340],"class_list":["post-6285","post","type-post","status-publish","format-standard","has-post-thumbnail","hentry","category-lokalno-vrijeme","tag-dalmacija","tag-jadran","tag-lokalna-prognoza","tag-prognoza-vremena","tag-vikend-prognoza"],"_links":{"self":[{"href":"https:\/\/sibenik-meteo.hr\/index.php\/wp-json\/wp\/v2\/posts\/6285","targetHints":{"allow":["GET"]}}],"collection":[{"href":"https:\/\/sibenik-meteo.hr\/index.php\/wp-json\/wp\/v2\/posts"}],"about":[{"href":"https:\/\/sibenik-meteo.hr\/index.php\/wp-json\/wp\/v2\/types\/post"}],"author":[{"embeddable":true,"href":"https:\/\/sibenik-meteo.hr\/index.php\/wp-json\/wp\/v2\/users\/1"}],"replies":[{"embeddable":true,"href":"https:\/\/sibenik-meteo.hr\/index.php\/wp-json\/wp\/v2\/comments?post=6285"}],"version-history":[{"count":1,"href":"https:\/\/sibenik-meteo.hr\/index.php\/wp-json\/wp\/v2\/posts\/6285\/revisions"}],"predecessor-version":[{"id":6286,"href":"https:\/\/sibenik-meteo.hr\/index.php\/wp-json\/wp\/v2\/posts\/6285\/revisions\/6286"}],"wp:featuredmedia":[{"embeddable":true,"href":"https:\/\/sibenik-meteo.hr\/index.php\/wp-json\/wp\/v2\/media\/6133"}],"wp:attachment":[{"href":"https:\/\/sibenik-meteo.hr\/index.php\/wp-json\/wp\/v2\/media?parent=6285"}],"wp:term":[{"taxonomy":"category","embeddable":true,"href":"https:\/\/sibenik-meteo.hr\/index.php\/wp-json\/wp\/v2\/categories?post=6285"},{"taxonomy":"post_tag","embeddable":true,"href":"https:\/\/sibenik-meteo.hr\/index.php\/wp-json\/wp\/v2\/tags?post=6285"}],"curies":[{"name":"wp","href":"https:\/\/api.w.org\/{rel}","templated":true}]}}