{"id":6282,"date":"2024-11-06T11:02:49","date_gmt":"2024-11-06T10:02:49","guid":{"rendered":"https:\/\/sibenik-meteo.hr\/?p=6282"},"modified":"2024-11-06T11:02:50","modified_gmt":"2024-11-06T10:02:50","slug":"vrijeme-i-dalje-stabilno-promjena-nastupa-narednog-tjedna","status":"publish","type":"post","link":"https:\/\/sibenik-meteo.hr\/index.php\/2024\/11\/06\/vrijeme-i-dalje-stabilno-promjena-nastupa-narednog-tjedna\/","title":{"rendered":"Vrijeme i dalje stabilno, promjena nastupa narednog tjedna"},"content":{"rendered":"\n<p>Jaka anticiklona nad Europom sa tlakom zraka koji prelazi 1025hPa ve\u0107 dulji period vremena na Jadranu osigurava stabilne vremenske prilike i za doba godine iznadprosje\u010dne temperature zraka koje sredinom dana u pravilu su vi\u0161e od 20 stupnjeva.<\/p>\n\n\n\n<p>Pogledom na prognosti\u010dke modele vidljivo je da se do kraja tjedna ne nazire zna\u010dajnija promjena vremena pa \u0107e dani pred nama obilovati sun\u010danim satima, a uz slabe vjetrove i dalje \u0107e biti ugodno toplo sa maksimalnim dnevnim temperaturama zraka oko ili malo iznad 20 stupnjeva. Ipak vedre i tihe no\u0107i rezultiraju sve ni\u017eim temperaturama zraka koje se pred jutro uz obalu spu\u0161taju do 10 ili \u010dak i ni\u017ee, a u zale\u0111u lokalno i ispod 5 stupnjeva.<\/p>\n\n\n\n<p>Krajem tjedna anticiklona \u0107e malo oslabiti i sa sredi\u0161tem se povu\u0107i zapadnije \u0161to \u0107e hladnijem zraku sa istoka kontinenta otvoriti put prema Sredozemlju gdje bi se, kako izgleda prema dana\u0161njim prognosti\u010dkim materijalima, sredinom tjedna formirala Genovska ciklona, a time i promjena vremena uz jugo i ki\u0161u.<\/p>\n","protected":false},"excerpt":{"rendered":"<p>Jaka anticiklona nad Europom sa tlakom zraka koji prelazi 1025hPa ve\u0107 dulji period vremena na&#8230;<\/p>\n","protected":false},"author":1,"featured_media":4415,"comment_status":"closed","ping_status":"open","sticky":false,"template":"","format":"standard","meta":{"_monsterinsights_skip_tracking":false,"_monsterinsights_sitenote_active":false,"_monsterinsights_sitenote_note":"","_monsterinsights_sitenote_category":0,"footnotes":""},"categories":[3],"tags":[16,49,222,143],"class_list":["post-6282","post","type-post","status-publish","format-standard","has-post-thumbnail","hentry","category-lokalno-vrijeme","tag-dalmacija","tag-jadran","tag-lokalna-prognoza","tag-tjedna-prognoza"],"_links":{"self":[{"href":"https:\/\/sibenik-meteo.hr\/index.php\/wp-json\/wp\/v2\/posts\/6282","targetHints":{"allow":["GET"]}}],"collection":[{"href":"https:\/\/sibenik-meteo.hr\/index.php\/wp-json\/wp\/v2\/posts"}],"about":[{"href":"https:\/\/sibenik-meteo.hr\/index.php\/wp-json\/wp\/v2\/types\/post"}],"author":[{"embeddable":true,"href":"https:\/\/sibenik-meteo.hr\/index.php\/wp-json\/wp\/v2\/users\/1"}],"replies":[{"embeddable":true,"href":"https:\/\/sibenik-meteo.hr\/index.php\/wp-json\/wp\/v2\/comments?post=6282"}],"version-history":[{"count":1,"href":"https:\/\/sibenik-meteo.hr\/index.php\/wp-json\/wp\/v2\/posts\/6282\/revisions"}],"predecessor-version":[{"id":6283,"href":"https:\/\/sibenik-meteo.hr\/index.php\/wp-json\/wp\/v2\/posts\/6282\/revisions\/6283"}],"wp:featuredmedia":[{"embeddable":true,"href":"https:\/\/sibenik-meteo.hr\/index.php\/wp-json\/wp\/v2\/media\/4415"}],"wp:attachment":[{"href":"https:\/\/sibenik-meteo.hr\/index.php\/wp-json\/wp\/v2\/media?parent=6282"}],"wp:term":[{"taxonomy":"category","embeddable":true,"href":"https:\/\/sibenik-meteo.hr\/index.php\/wp-json\/wp\/v2\/categories?post=6282"},{"taxonomy":"post_tag","embeddable":true,"href":"https:\/\/sibenik-meteo.hr\/index.php\/wp-json\/wp\/v2\/tags?post=6282"}],"curies":[{"name":"wp","href":"https:\/\/api.w.org\/{rel}","templated":true}]}}