{"id":6280,"date":"2024-11-02T09:38:34","date_gmt":"2024-11-02T08:38:34","guid":{"rendered":"https:\/\/sibenik-meteo.hr\/?p=6280"},"modified":"2024-11-02T09:38:35","modified_gmt":"2024-11-02T08:38:35","slug":"vikend-pretezno-suncan-i-burovit","status":"publish","type":"post","link":"https:\/\/sibenik-meteo.hr\/index.php\/2024\/11\/02\/vikend-pretezno-suncan-i-burovit\/","title":{"rendered":"Vikend prete\u017eno sun\u010dan i burovit"},"content":{"rendered":"\n<p>Nastavlja se dominacija jake anticiklone nad Jadranom koja podr\u017eava stabilne vremenske prilike uz dosta sun\u010danog i za doba godine iznadprosje\u010dno toplog vremena \u0161to se osjeti i po maksimalnim temperaturama zraka koje posljednjih dana prelaze 20 i lokalno penju i do 25\u00b0C.<\/p>\n\n\n\n<p>U danima vikenda ova situacija \u0107e prolazno biti naru\u0161ena hladnom frontom koja se u polju povi\u0161enog tlaka zraka spu\u0161ta sa sjevera kontinenta. Ona ne\u0107e zna\u010dajnije utjecati na vrijeme na Jadranu u pogledu oborina koje \u0107e u potpunosti izostati, odnosno ne\u0107e se vjerovatno niti naobla\u010diti, ali \u0107e zato prolazno zapuhati umjerena do umjereno jaka bura s kojom \u0107e malo i osvje\u017eiti.<\/p>\n\n\n\n<p>Tako \u0107e danas prevaladavati prete\u017eno sun\u010dano vrijeme uz slabe vjetrove sjeverozapadnih smjerova dok \u0107e poslijepodne i nave\u010der zapuhati bura.<\/p>\n\n\n\n<p>I sutra prete\u017eno sun\u010dano uz buru koja \u0107e sredinom dana malo oslabiti pa s ve\u010deri ponovno prolazno poja\u010dati.<\/p>\n\n\n\n<p>Temperature zraka za doba godine i dalje ugodne i danas maksimalne do 23\u00b0C, sutra tek neznatno ni\u017ee izme\u0111u 14 i 21\u00b0C.<\/p>\n","protected":false},"excerpt":{"rendered":"<p>Nastavlja se dominacija jake anticiklone nad Jadranom koja podr\u017eava stabilne vremenske prilike uz dosta sun\u010danog&#8230;<\/p>\n","protected":false},"author":1,"featured_media":2931,"comment_status":"closed","ping_status":"open","sticky":false,"template":"","format":"standard","meta":{"_monsterinsights_skip_tracking":false,"_monsterinsights_sitenote_active":false,"_monsterinsights_sitenote_note":"","_monsterinsights_sitenote_category":0,"footnotes":""},"categories":[3],"tags":[16,49,222,76,340],"class_list":["post-6280","post","type-post","status-publish","format-standard","has-post-thumbnail","hentry","category-lokalno-vrijeme","tag-dalmacija","tag-jadran","tag-lokalna-prognoza","tag-prognoza-vremena","tag-vikend-prognoza"],"_links":{"self":[{"href":"https:\/\/sibenik-meteo.hr\/index.php\/wp-json\/wp\/v2\/posts\/6280","targetHints":{"allow":["GET"]}}],"collection":[{"href":"https:\/\/sibenik-meteo.hr\/index.php\/wp-json\/wp\/v2\/posts"}],"about":[{"href":"https:\/\/sibenik-meteo.hr\/index.php\/wp-json\/wp\/v2\/types\/post"}],"author":[{"embeddable":true,"href":"https:\/\/sibenik-meteo.hr\/index.php\/wp-json\/wp\/v2\/users\/1"}],"replies":[{"embeddable":true,"href":"https:\/\/sibenik-meteo.hr\/index.php\/wp-json\/wp\/v2\/comments?post=6280"}],"version-history":[{"count":1,"href":"https:\/\/sibenik-meteo.hr\/index.php\/wp-json\/wp\/v2\/posts\/6280\/revisions"}],"predecessor-version":[{"id":6281,"href":"https:\/\/sibenik-meteo.hr\/index.php\/wp-json\/wp\/v2\/posts\/6280\/revisions\/6281"}],"wp:featuredmedia":[{"embeddable":true,"href":"https:\/\/sibenik-meteo.hr\/index.php\/wp-json\/wp\/v2\/media\/2931"}],"wp:attachment":[{"href":"https:\/\/sibenik-meteo.hr\/index.php\/wp-json\/wp\/v2\/media?parent=6280"}],"wp:term":[{"taxonomy":"category","embeddable":true,"href":"https:\/\/sibenik-meteo.hr\/index.php\/wp-json\/wp\/v2\/categories?post=6280"},{"taxonomy":"post_tag","embeddable":true,"href":"https:\/\/sibenik-meteo.hr\/index.php\/wp-json\/wp\/v2\/tags?post=6280"}],"curies":[{"name":"wp","href":"https:\/\/api.w.org\/{rel}","templated":true}]}}