{"id":6273,"date":"2024-10-30T07:28:17","date_gmt":"2024-10-30T06:28:17","guid":{"rendered":"https:\/\/sibenik-meteo.hr\/?p=6273"},"modified":"2024-10-30T07:28:18","modified_gmt":"2024-10-30T06:28:18","slug":"velike-poplave-u-spanjolskoj","status":"publish","type":"post","link":"https:\/\/sibenik-meteo.hr\/index.php\/2024\/10\/30\/velike-poplave-u-spanjolskoj\/","title":{"rendered":"Velike poplave u \u0160panjolskoj"},"content":{"rendered":"\n<p>Velike poplave zahvatile su isto\u010dnu \u0160panjolsku, posebno regiju Valencija gdje su bujice uzrokovale kaos na prometnicama, a slu\u017ebe trenutno tragaju  za nekoliko nestalih osoba, prenosi <a href=\"https:\/\/vijesti.hrt.hr\/eu\/velike-poplave-u-istocnoj-spanjolskoj-nekoliko-nestalih-osoba-11834356\">HRT<\/a>.<\/p>\n\n\n\n<p>Hitne slu\u017ebe su u \u00c1lori, tako\u0111er u Andaluziji, spa\u0161avale ljude, a neki  su bili evakuirani helikopterima nakon \u0161to je rijeka preplavila iz korita. Guardian je objavio da je  brzi vlak s 276 putnika isko\u010dio s tra\u010dnica u ju\u017enoj regiji Andaluzija, ali da nitko nije ozlije\u0111en. <\/p>\n\n\n\n<p>Dr\u017eavna meteorolo\u0161ka agencija AEMET proglasila je crvenu uzbunu u  regiji Valencija i drugu najvi\u0161u razinu uzbune u dijelovima Andaluzije.  Istovremeno su  brojne ceste zatvorene zbog poplava.<\/p>\n\n\n\n<p>Intenzivne \nki\u0161e pripisuju se fenomenu poznatom kao &#8220;hladna kap, koji nastaje kada \nhladni zrak prelazi preko toplih voda Sredozemnog mora. To stvara  \natmosfersku nestabilnost, uzrokuju\u0107i brzo uzdizanje toplog, zasi\u0107enog \nzraka i stvaranje velikih kumulonimbus oblaka koji  dovode do obilnih \nki\u0161a.&nbsp;\n\n<\/p>\n\n\n\n<figure class=\"wp-block-embed-youtube aligncenter wp-block-embed is-type-video is-provider-youtube wp-embed-aspect-16-9 wp-has-aspect-ratio\"><div class=\"wp-block-embed__wrapper\">\n<iframe loading=\"lazy\" title=\"Tragedy in Spain! Big river suddenly collapses, Historical flooding in Valencia\" width=\"640\" height=\"360\" src=\"https:\/\/www.youtube.com\/embed\/7xAwDOrdBf8?feature=oembed\" frameborder=\"0\" allow=\"accelerometer; autoplay; clipboard-write; encrypted-media; gyroscope; picture-in-picture; web-share\" referrerpolicy=\"strict-origin-when-cross-origin\" allowfullscreen><\/iframe>\n<\/div><\/figure>\n","protected":false},"excerpt":{"rendered":"<p>Velike poplave zahvatile su isto\u010dnu \u0160panjolsku, posebno regiju Valencija gdje su bujice uzrokovale kaos na&#8230;<\/p>\n","protected":false},"author":1,"featured_media":6274,"comment_status":"closed","ping_status":"open","sticky":false,"template":"","format":"standard","meta":{"_monsterinsights_skip_tracking":false,"_monsterinsights_sitenote_active":false,"_monsterinsights_sitenote_note":"","_monsterinsights_sitenote_category":0,"footnotes":""},"categories":[11],"tags":[97,232,37,47],"class_list":["post-6273","post","type-post","status-publish","format-standard","has-post-thumbnail","hentry","category-europa","tag-ekstremne-vremenske-prilike","tag-europa","tag-poplave","tag-spanjolska"],"_links":{"self":[{"href":"https:\/\/sibenik-meteo.hr\/index.php\/wp-json\/wp\/v2\/posts\/6273","targetHints":{"allow":["GET"]}}],"collection":[{"href":"https:\/\/sibenik-meteo.hr\/index.php\/wp-json\/wp\/v2\/posts"}],"about":[{"href":"https:\/\/sibenik-meteo.hr\/index.php\/wp-json\/wp\/v2\/types\/post"}],"author":[{"embeddable":true,"href":"https:\/\/sibenik-meteo.hr\/index.php\/wp-json\/wp\/v2\/users\/1"}],"replies":[{"embeddable":true,"href":"https:\/\/sibenik-meteo.hr\/index.php\/wp-json\/wp\/v2\/comments?post=6273"}],"version-history":[{"count":1,"href":"https:\/\/sibenik-meteo.hr\/index.php\/wp-json\/wp\/v2\/posts\/6273\/revisions"}],"predecessor-version":[{"id":6275,"href":"https:\/\/sibenik-meteo.hr\/index.php\/wp-json\/wp\/v2\/posts\/6273\/revisions\/6275"}],"wp:featuredmedia":[{"embeddable":true,"href":"https:\/\/sibenik-meteo.hr\/index.php\/wp-json\/wp\/v2\/media\/6274"}],"wp:attachment":[{"href":"https:\/\/sibenik-meteo.hr\/index.php\/wp-json\/wp\/v2\/media?parent=6273"}],"wp:term":[{"taxonomy":"category","embeddable":true,"href":"https:\/\/sibenik-meteo.hr\/index.php\/wp-json\/wp\/v2\/categories?post=6273"},{"taxonomy":"post_tag","embeddable":true,"href":"https:\/\/sibenik-meteo.hr\/index.php\/wp-json\/wp\/v2\/tags?post=6273"}],"curies":[{"name":"wp","href":"https:\/\/api.w.org\/{rel}","templated":true}]}}