{"id":6267,"date":"2024-10-25T10:56:16","date_gmt":"2024-10-25T08:56:16","guid":{"rendered":"https:\/\/sibenik-meteo.hr\/?p=6267"},"modified":"2024-10-25T10:57:45","modified_gmt":"2024-10-25T08:57:45","slug":"za-vikend-uz-juzinu-toplo-i-sve-vise-suncanih-perioda","status":"publish","type":"post","link":"https:\/\/sibenik-meteo.hr\/index.php\/2024\/10\/25\/za-vikend-uz-juzinu-toplo-i-sve-vise-suncanih-perioda\/","title":{"rendered":"Za vikend uz ju\u017einu toplo i sve vi\u0161e sun\u010danih perioda"},"content":{"rendered":"\n<p>Nad Jadranom se zadr\u017eava anticiklonalno polje, a po visini sa jugozapada kontinenta pritje\u010de vla\u017ean i nestabilan zrak koji je sino\u0107 lokalno podru\u010dju sjeverne Dalmacije donio i konkretnije oborine, osobito prema moru, pa je primjerice na otoku \u017dirju u posljednja 24 sata palo \u010dak 33 litre ki\u0161e po metru \u010detvornome.<\/p>\n\n\n\n<p>Vrijeme \u0107e se danas ali i u danima vikenda prolazno stabilizirati \u0161to zna\u0107i da \u0107e biti sve vi\u0161e sun\u010danih perioda, a \u0161ansa za poneku kap ki\u0161e je mala i zanemariva.<\/p>\n\n\n\n<p>Vjetar \u0107e jo\u0161 danas biti uglavnom slab, a od sutra i osobito u nedjelju zapuhati \u0107e slabo, a na moru i do umjereno jugo. <\/p>\n\n\n\n<p>Temperature zraka za doba godine sasvim ugodne i u rasponu od jutarnjih 15 do maksimalno dnevnih od 23 do 25\u00b0C.<\/p>\n","protected":false},"excerpt":{"rendered":"<p>Nad Jadranom se zadr\u017eava anticiklonalno polje, a po visini sa jugozapada kontinenta pritje\u010de vla\u017ean i&#8230;<\/p>\n","protected":false},"author":1,"featured_media":4607,"comment_status":"closed","ping_status":"open","sticky":false,"template":"","format":"standard","meta":{"_monsterinsights_skip_tracking":false,"_monsterinsights_sitenote_active":false,"_monsterinsights_sitenote_note":"","_monsterinsights_sitenote_category":0,"footnotes":""},"categories":[3],"tags":[16,49,222,76,340],"class_list":["post-6267","post","type-post","status-publish","format-standard","has-post-thumbnail","hentry","category-lokalno-vrijeme","tag-dalmacija","tag-jadran","tag-lokalna-prognoza","tag-prognoza-vremena","tag-vikend-prognoza"],"_links":{"self":[{"href":"https:\/\/sibenik-meteo.hr\/index.php\/wp-json\/wp\/v2\/posts\/6267","targetHints":{"allow":["GET"]}}],"collection":[{"href":"https:\/\/sibenik-meteo.hr\/index.php\/wp-json\/wp\/v2\/posts"}],"about":[{"href":"https:\/\/sibenik-meteo.hr\/index.php\/wp-json\/wp\/v2\/types\/post"}],"author":[{"embeddable":true,"href":"https:\/\/sibenik-meteo.hr\/index.php\/wp-json\/wp\/v2\/users\/1"}],"replies":[{"embeddable":true,"href":"https:\/\/sibenik-meteo.hr\/index.php\/wp-json\/wp\/v2\/comments?post=6267"}],"version-history":[{"count":2,"href":"https:\/\/sibenik-meteo.hr\/index.php\/wp-json\/wp\/v2\/posts\/6267\/revisions"}],"predecessor-version":[{"id":6269,"href":"https:\/\/sibenik-meteo.hr\/index.php\/wp-json\/wp\/v2\/posts\/6267\/revisions\/6269"}],"wp:featuredmedia":[{"embeddable":true,"href":"https:\/\/sibenik-meteo.hr\/index.php\/wp-json\/wp\/v2\/media\/4607"}],"wp:attachment":[{"href":"https:\/\/sibenik-meteo.hr\/index.php\/wp-json\/wp\/v2\/media?parent=6267"}],"wp:term":[{"taxonomy":"category","embeddable":true,"href":"https:\/\/sibenik-meteo.hr\/index.php\/wp-json\/wp\/v2\/categories?post=6267"},{"taxonomy":"post_tag","embeddable":true,"href":"https:\/\/sibenik-meteo.hr\/index.php\/wp-json\/wp\/v2\/tags?post=6267"}],"curies":[{"name":"wp","href":"https:\/\/api.w.org\/{rel}","templated":true}]}}