{"id":6237,"date":"2024-10-05T17:58:46","date_gmt":"2024-10-05T15:58:46","guid":{"rendered":"https:\/\/sibenik-meteo.hr\/?p=6237"},"modified":"2024-10-05T17:58:47","modified_gmt":"2024-10-05T15:58:47","slug":"podgoru-pogodilo-jako-nevrijeme-i-bujice","status":"publish","type":"post","link":"https:\/\/sibenik-meteo.hr\/index.php\/2024\/10\/05\/podgoru-pogodilo-jako-nevrijeme-i-bujice\/","title":{"rendered":"Podgoru pogodilo jako nevrijeme i bujice"},"content":{"rendered":"\n<p>Jako nevrijeme poslijepodne zahvatilo je podru\u010dje od Podgore do Drvenika pri \u010demu je prema mjerenjima automatske meteo postaje za sat vremena palo \u010dak 140 litara ki\u0161e \u0161to je uzrokovalo pojavu bujice i poplave.<\/p>\n\n\n\n<figure class=\"wp-block-embed-twitter aligncenter wp-block-embed is-type-rich is-provider-twitter\"><div class=\"wp-block-embed__wrapper\">\n<blockquote class=\"twitter-tweet\" data-width=\"550\" data-dnt=\"true\"><p lang=\"zxx\" dir=\"ltr\"><a href=\"https:\/\/t.co\/njoVPEMe3U\">pic.twitter.com\/njoVPEMe3U<\/a><\/p>&mdash; Branko Radoni\u0107 (@BrankoRadonic) <a href=\"https:\/\/twitter.com\/BrankoRadonic\/status\/1842583383895134351?ref_src=twsrc%5Etfw\">October 5, 2024<\/a><\/blockquote><script async src=\"https:\/\/platform.twitter.com\/widgets.js\" charset=\"utf-8\"><\/script>\n<\/div><\/figure>\n\n\n\n<p>Pokazuju to i ove dramati\u010dne snimke, a o svemu se oglasila i lokalna na\u010delnica Petra Radi\u010d:<\/p>\n\n\n\n<p>&#8220;Premjestite vrijedne stvari na povi\u0161ena mjesta, pripremite pitku \nvodu jer \u0107e nakon poplave mo\u017eda biti zaga\u0111ena (tijekom poplave nemojte \npiti vodu iz vodovoda, bunara i drugih izvora), budite pripravni na \nevakuaciju s ruksakom za hitne situacije.<\/p>\n\n\n\n<p>Ako nadle\u017ene slu\u017ebe pozovu na evakuaciju, odmah postupite prema \npozivu kako biste iskoristili preporu\u010dene evakuacijske rute prije \nnjihovog potapanja. Ako ste zato\u010deni u svojoj ku\u0107i zbog poplave, \npoku\u0161ajte se popeti \u0161to je vi\u0161e mogu\u0107e. Isklju\u010dite glavne izvore struje,\n plina i vode.<\/p>\n\n\n\n<p>Ako ste na otvorenom, udaljite se od mjesta ugro\u017eenog poplavom, \nizbjegavajte hodanje kroz sve poplavne vode, ne prolazite kroz vodu \nautomobilom, biciklom ili nekim drugim prijevoznim sredstvom.<\/p>\n\n\n\n<p>Ako ste u automobilu i ne mo\u017eete se bez rizika prevesti do sigurne \npozicije, odmah ga napustite i popnite se na povi\u0161eno mjesto, pomozite \ndrugima u svojoj blizini, osobito ranjivim \u010dlanovima obitelji, te\u0161ko \npokretnima, bolesnima, djeci, osobama s invaliditetom te svima ostalima \nkojima je potrebno. Ako je prekasno za evakuaciju doma\u0107ih \u017eivotinja, \nostavite prostore u kojima borave otvorene kako bi mogle iza\u0107i.&nbsp;<\/p>\n\n\n\n<p>Ako mo\u017eete, povedite sa sobom ku\u0107ne ljubimce, a u suprotnom omogu\u0107ite\n im slobodno kretanje. Slu\u0161ajte obavijesti na televiziji i radiju.<\/p>\n\n\n\n<p>Nakon poplave sura\u0111ujte sa \u017eurnim slu\u017ebama u \u010di\u0161\u0107enju prostora, \nuklanjanju le\u0161ina uginulih \u017eivotinja, provedite dezinfekciju, \ndezinsekciju i deratizaciju objekata, bunara i otvorenih prostora kako \nbiste izbjegli zdravstvene rizike&#8221;, poru\u010dila je Petra Radi\u0107, na\u010delnica \nPodgore.<\/p>\n\n\n\n<p><\/p>\n","protected":false},"excerpt":{"rendered":"<p>Jako nevrijeme poslijepodne zahvatilo je podru\u010dje od Podgore do Drvenika pri \u010demu je prema mjerenjima&#8230;<\/p>\n","protected":false},"author":1,"featured_media":6238,"comment_status":"closed","ping_status":"open","sticky":false,"template":"","format":"standard","meta":{"_monsterinsights_skip_tracking":false,"_monsterinsights_sitenote_active":false,"_monsterinsights_sitenote_note":"","_monsterinsights_sitenote_category":0,"footnotes":""},"categories":[10],"tags":[331,97,40,96,720],"class_list":["post-6237","post","type-post","status-publish","format-standard","has-post-thumbnail","hentry","category-hrvatska","tag-bujice","tag-ekstremne-vremenske-prilike","tag-kisa","tag-nevrijeme","tag-podgora"],"_links":{"self":[{"href":"https:\/\/sibenik-meteo.hr\/index.php\/wp-json\/wp\/v2\/posts\/6237","targetHints":{"allow":["GET"]}}],"collection":[{"href":"https:\/\/sibenik-meteo.hr\/index.php\/wp-json\/wp\/v2\/posts"}],"about":[{"href":"https:\/\/sibenik-meteo.hr\/index.php\/wp-json\/wp\/v2\/types\/post"}],"author":[{"embeddable":true,"href":"https:\/\/sibenik-meteo.hr\/index.php\/wp-json\/wp\/v2\/users\/1"}],"replies":[{"embeddable":true,"href":"https:\/\/sibenik-meteo.hr\/index.php\/wp-json\/wp\/v2\/comments?post=6237"}],"version-history":[{"count":1,"href":"https:\/\/sibenik-meteo.hr\/index.php\/wp-json\/wp\/v2\/posts\/6237\/revisions"}],"predecessor-version":[{"id":6239,"href":"https:\/\/sibenik-meteo.hr\/index.php\/wp-json\/wp\/v2\/posts\/6237\/revisions\/6239"}],"wp:featuredmedia":[{"embeddable":true,"href":"https:\/\/sibenik-meteo.hr\/index.php\/wp-json\/wp\/v2\/media\/6238"}],"wp:attachment":[{"href":"https:\/\/sibenik-meteo.hr\/index.php\/wp-json\/wp\/v2\/media?parent=6237"}],"wp:term":[{"taxonomy":"category","embeddable":true,"href":"https:\/\/sibenik-meteo.hr\/index.php\/wp-json\/wp\/v2\/categories?post=6237"},{"taxonomy":"post_tag","embeddable":true,"href":"https:\/\/sibenik-meteo.hr\/index.php\/wp-json\/wp\/v2\/tags?post=6237"}],"curies":[{"name":"wp","href":"https:\/\/api.w.org\/{rel}","templated":true}]}}