{"id":6234,"date":"2024-10-04T10:48:33","date_gmt":"2024-10-04T08:48:33","guid":{"rendered":"https:\/\/sibenik-meteo.hr\/?p=6234"},"modified":"2024-10-04T11:00:32","modified_gmt":"2024-10-04T09:00:32","slug":"promjenjivo-i-nestabilno-do-nedjelje","status":"publish","type":"post","link":"https:\/\/sibenik-meteo.hr\/index.php\/2024\/10\/04\/promjenjivo-i-nestabilno-do-nedjelje\/","title":{"rendered":"Promjenjivo i nestabilno do nedjelje"},"content":{"rendered":"\n<p>Duboka ciklona s frontalnim sustavom koja se preko Jadrana sporo premje\u0161ta na  sjeveroistok, dok se druga plitka ciklona zadr\u017eava nad Italijom, i danas \u0107e, kao i u prvom dijelu vikenda donijeti nastavak nestabilnog i promjenjivog vremena. Na\u017ealost o\u010dekivano najavama prognosti\u010dara u \u0161iroj regiji su pale velike koli\u010dine oborina koje su posljedi\u010dno uzrokovale pojavu bujica i poplava te podizanje vodostaja rijeka, a jutros je najdramati\u010dnije u susjednoj BiH.<\/p>\n\n\n\n<p>Nakon ki\u0161ovite no\u0107i jutros se na na\u0161em podru\u010dju naoblaka raskinula obzirom da se nalazimo gotovo u centru ciklone. Ipak prema ve\u010deri pomicanjem ciklone ju\u017enije o\u010dekuje se novi oborinski val pra\u0107en ki\u0161om i grmljavinskim pljuskovima koji \u0107e obilje\u017eiti i prvi dio subote nakon \u010dega se o\u010dekuje postupan prestanak oborina i raskidanje naoblake pa \u0107e u nedjelju prevladavati djelomice do prete\u017eno sun\u010dano vrijeme.<\/p>\n\n\n\n<p>Vjetar \u0107e ovih dana biti slab, prema ve\u010deri u okretanju na slabu do umjerenu buru koja \u0107e u kombinaciji sa sjeverozapadnim vjetrom puhati i tijekom nedjelje. Jo\u0161 danas ugodno toplo, a od sutra neznatno hladnije uz temperature zraka izme\u0111u 12 i 20\u00b0C.<\/p>\n","protected":false},"excerpt":{"rendered":"<p>Duboka ciklona s frontalnim sustavom koja se preko Jadrana sporo premje\u0161ta na sjeveroistok, dok se&#8230;<\/p>\n","protected":false},"author":1,"featured_media":3268,"comment_status":"closed","ping_status":"open","sticky":false,"template":"","format":"standard","meta":{"_monsterinsights_skip_tracking":false,"_monsterinsights_sitenote_active":false,"_monsterinsights_sitenote_note":"","_monsterinsights_sitenote_category":0,"footnotes":""},"categories":[3],"tags":[16,49,222,76,340],"class_list":["post-6234","post","type-post","status-publish","format-standard","has-post-thumbnail","hentry","category-lokalno-vrijeme","tag-dalmacija","tag-jadran","tag-lokalna-prognoza","tag-prognoza-vremena","tag-vikend-prognoza"],"_links":{"self":[{"href":"https:\/\/sibenik-meteo.hr\/index.php\/wp-json\/wp\/v2\/posts\/6234","targetHints":{"allow":["GET"]}}],"collection":[{"href":"https:\/\/sibenik-meteo.hr\/index.php\/wp-json\/wp\/v2\/posts"}],"about":[{"href":"https:\/\/sibenik-meteo.hr\/index.php\/wp-json\/wp\/v2\/types\/post"}],"author":[{"embeddable":true,"href":"https:\/\/sibenik-meteo.hr\/index.php\/wp-json\/wp\/v2\/users\/1"}],"replies":[{"embeddable":true,"href":"https:\/\/sibenik-meteo.hr\/index.php\/wp-json\/wp\/v2\/comments?post=6234"}],"version-history":[{"count":2,"href":"https:\/\/sibenik-meteo.hr\/index.php\/wp-json\/wp\/v2\/posts\/6234\/revisions"}],"predecessor-version":[{"id":6236,"href":"https:\/\/sibenik-meteo.hr\/index.php\/wp-json\/wp\/v2\/posts\/6234\/revisions\/6236"}],"wp:featuredmedia":[{"embeddable":true,"href":"https:\/\/sibenik-meteo.hr\/index.php\/wp-json\/wp\/v2\/media\/3268"}],"wp:attachment":[{"href":"https:\/\/sibenik-meteo.hr\/index.php\/wp-json\/wp\/v2\/media?parent=6234"}],"wp:term":[{"taxonomy":"category","embeddable":true,"href":"https:\/\/sibenik-meteo.hr\/index.php\/wp-json\/wp\/v2\/categories?post=6234"},{"taxonomy":"post_tag","embeddable":true,"href":"https:\/\/sibenik-meteo.hr\/index.php\/wp-json\/wp\/v2\/tags?post=6234"}],"curies":[{"name":"wp","href":"https:\/\/api.w.org\/{rel}","templated":true}]}}