{"id":6226,"date":"2024-09-30T11:22:54","date_gmt":"2024-09-30T09:22:54","guid":{"rendered":"https:\/\/sibenik-meteo.hr\/?p=6226"},"modified":"2024-09-30T11:22:54","modified_gmt":"2024-09-30T09:22:54","slug":"sredinom-tjedna-pogorsanje-vremena","status":"publish","type":"post","link":"https:\/\/sibenik-meteo.hr\/index.php\/2024\/09\/30\/sredinom-tjedna-pogorsanje-vremena\/","title":{"rendered":"Sredinom tjedna pogor\u0161anje vremena"},"content":{"rendered":"\n<p>Nakon prolaza vikend fronte koja je u subotu ujutro lokalno dijelu sjeverne Dalmacije donijela jake pljuskove i pojavu bujica vrijeme se tijekom nedjelje stabiliziralo ali uz poja\u010danu i jaku buru zahladilo je uz posljedi\u010dno probleme u odvijanju cestovnog i pomorskog prometa, a na dubrova\u010dkom i zra\u010dnog.<\/p>\n\n\n\n<p>Nad Jadranom se sa sjevera kontinenta prote\u017ee greben anticiklone koji \u0107e postupno slabjeti uz postupno pribli\u017eavanje novog frontalnog sustava koji \u0107e donijeti pogor\u0161anje vremenna drugom dijelu tjedna.<\/p>\n\n\n\n<p>U takvom razvoju situacije danas \u0107e prevladavati djelomice do prete\u017eno sun\u010dano vrijeme uz buru koja \u0107e tijekom dana slabiti. Sutra sli\u010dne vremenske prilike ali uz slab vjetar promjenjivih smjerova. Temperature zraka u odnosu na prethodne dane malo svje\u017eije uz dnevni hod izme\u0111u 12 i 22\u00b0C.<\/p>\n\n\n\n<p>Jugo koje \u0107e zapuhati tijekom srijede i prema kraju dana ja\u010dati na umjereno jako do jako uvesti \u0107e nas u promjenu vremena i pogor\u0161anje koje \u0107e u obliku ki\u0161e i grmljavinski pljuskova prevladavati tijekom \u010detvrtka, petka i dijela subote. Jugo \u0107e jo\u0161 dominirati tijekom \u010detvrtak dok \u0107e u petak i subotu okrenuti na umjerenu buru. Drugi dio subote i nedjelja ne\u0161to stabilniji i uz sve vi\u0161e sun\u010danih razdoblja. No\u0107ne temperature zraka u laganom porastu dok one dnevne bez ve\u0107e promjene.<\/p>\n\n\n\n<div class=\"wp-block-image\"><figure class=\"aligncenter\"><img loading=\"lazy\" decoding=\"async\" width=\"720\" height=\"720\" src=\"https:\/\/sibenik-meteo.hr\/wp-content\/uploads\/2024\/09\/web_fronte_sutra12-1.jpg\" alt=\"\" class=\"wp-image-6228\" srcset=\"https:\/\/sibenik-meteo.hr\/wp-content\/uploads\/2024\/09\/web_fronte_sutra12-1.jpg 720w, https:\/\/sibenik-meteo.hr\/wp-content\/uploads\/2024\/09\/web_fronte_sutra12-1-150x150.jpg 150w, https:\/\/sibenik-meteo.hr\/wp-content\/uploads\/2024\/09\/web_fronte_sutra12-1-300x300.jpg 300w\" sizes=\"auto, (max-width: 720px) 100vw, 720px\" \/><\/figure><\/div>\n\n\n\n<p><br><\/p>\n","protected":false},"excerpt":{"rendered":"<p>Nakon prolaza vikend fronte koja je u subotu ujutro lokalno dijelu sjeverne Dalmacije donijela jake&#8230;<\/p>\n","protected":false},"author":1,"featured_media":2987,"comment_status":"closed","ping_status":"open","sticky":false,"template":"","format":"standard","meta":{"_monsterinsights_skip_tracking":false,"_monsterinsights_sitenote_active":false,"_monsterinsights_sitenote_note":"","_monsterinsights_sitenote_category":0,"footnotes":""},"categories":[3],"tags":[16,49,222,143],"class_list":["post-6226","post","type-post","status-publish","format-standard","has-post-thumbnail","hentry","category-lokalno-vrijeme","tag-dalmacija","tag-jadran","tag-lokalna-prognoza","tag-tjedna-prognoza"],"_links":{"self":[{"href":"https:\/\/sibenik-meteo.hr\/index.php\/wp-json\/wp\/v2\/posts\/6226","targetHints":{"allow":["GET"]}}],"collection":[{"href":"https:\/\/sibenik-meteo.hr\/index.php\/wp-json\/wp\/v2\/posts"}],"about":[{"href":"https:\/\/sibenik-meteo.hr\/index.php\/wp-json\/wp\/v2\/types\/post"}],"author":[{"embeddable":true,"href":"https:\/\/sibenik-meteo.hr\/index.php\/wp-json\/wp\/v2\/users\/1"}],"replies":[{"embeddable":true,"href":"https:\/\/sibenik-meteo.hr\/index.php\/wp-json\/wp\/v2\/comments?post=6226"}],"version-history":[{"count":1,"href":"https:\/\/sibenik-meteo.hr\/index.php\/wp-json\/wp\/v2\/posts\/6226\/revisions"}],"predecessor-version":[{"id":6229,"href":"https:\/\/sibenik-meteo.hr\/index.php\/wp-json\/wp\/v2\/posts\/6226\/revisions\/6229"}],"wp:featuredmedia":[{"embeddable":true,"href":"https:\/\/sibenik-meteo.hr\/index.php\/wp-json\/wp\/v2\/media\/2987"}],"wp:attachment":[{"href":"https:\/\/sibenik-meteo.hr\/index.php\/wp-json\/wp\/v2\/media?parent=6226"}],"wp:term":[{"taxonomy":"category","embeddable":true,"href":"https:\/\/sibenik-meteo.hr\/index.php\/wp-json\/wp\/v2\/categories?post=6226"},{"taxonomy":"post_tag","embeddable":true,"href":"https:\/\/sibenik-meteo.hr\/index.php\/wp-json\/wp\/v2\/tags?post=6226"}],"curies":[{"name":"wp","href":"https:\/\/api.w.org\/{rel}","templated":true}]}}