{"id":6207,"date":"2024-09-13T06:24:16","date_gmt":"2024-09-13T04:24:16","guid":{"rendered":"https:\/\/sibenik-meteo.hr\/?p=6207"},"modified":"2024-09-13T06:26:15","modified_gmt":"2024-09-13T04:26:15","slug":"temperature-zraka-pale-za-10-stupnjeva-lokalno-napadalo-i-do-70-litara-kise","status":"publish","type":"post","link":"https:\/\/sibenik-meteo.hr\/index.php\/2024\/09\/13\/temperature-zraka-pale-za-10-stupnjeva-lokalno-napadalo-i-do-70-litara-kise\/","title":{"rendered":"Temperature zraka pale za 10 stupnjeva, lokalno napadalo i do 70 litara ki\u0161e"},"content":{"rendered":"\n<p>Ciklona s frotalnim sustavom koja se iz Genovskog zaljeva postupno preko Jadrana premje\u0161ta na istok i iza koje pristi\u017ee osjetno hladan zrak sa sjevera kontinenta u zadnja 24h ovim prostorima donijela je nastavak turbulentnih vremenskih (ne)prilika.<\/p>\n\n\n\n<p>Tako je nakon ju\u010dera\u0161njih jutarnjih predfrontalnih nestabilnosti pra\u0107enih pojavom pijavica sino\u0107 nastupio novi oborinsko-grmljavinski val u kojem je osim velikog broja munja bilo i izra\u017eenih oborina, a lokalno i tu\u010de. Sustav je zahvatio naj\u017ee\u0161\u0107e zapadni i sredi\u0161nji dio \u017eupanije, a vidi se to i po akumuliranim koli\u010dinama ki\u0161e koje se ovisno o lokaciji na tom podru\u010dju kre\u0107u i do 70 litara po metru \u010detvornome. U \u0160ibeniku, na otocima, palo je do 40 litara, a najmanje na krajnjem jugu gdje je izmjereno manje od 10 litara ki\u0161e po metru \u010detvornome.<\/p>\n\n\n\n<p>Okretanjem vjetra na buru koja jutros pu\u0161e na udare i do 50km\/h nastupio je i osjetan pad temperatura zraka, u prosjeku od 5 do 10 stupnjeva u odnosu na one izmjerene ju\u010der u isto doba dana.<\/p>\n\n\n\n<p>Na sjeveru \u0160ibensko-kninske \u017euapanije tako su u 6h temp. zraka jednoznamenkaste i kre\u0107u se oko 9\u00b0C, a na ostalom podru\u010dju izme\u0111u 11 i 13 izuzev krajnjeg juga i vanjskih otoka gdje je izmjereno 16\u00b0C.<\/p>\n\n\n\n<p>Prema prognozi danas \u0107e prevladavati  prete\u017eno obla\u010dno, ki\u0161ovito i vjetrovito. Posvuda povremeno ki\u0161a, a u Dalmaciji i pljuskovi s grmljavinom, lokalno izra\u017eeniji uz obilniju  oborinu. Vjetar slab do umjeren sjeverni i sjeverozapadni, mjestimice na  udare jak. Na Jadranu umjerena i jaka, ponegdje i olujna bura, na  ju\u017enom dijelu jugozapadnjak pa sjeverozapadnjak. Temperatura zraka u  ve\u0107em dijelu unutra\u0161njosti od 8 do 13, na sjevernom Jadranu i u  unutra\u0161njosti Dalmacije 13 do 18, a na srednjem i ju\u017enom Jadranu izme\u0111u  18 i 23 \u00b0C. <\/p>\n","protected":false},"excerpt":{"rendered":"<p>Ciklona s frotalnim sustavom koja se iz Genovskog zaljeva postupno preko Jadrana premje\u0161ta na istok&#8230;<\/p>\n","protected":false},"author":1,"featured_media":4848,"comment_status":"closed","ping_status":"open","sticky":false,"template":"","format":"standard","meta":{"_monsterinsights_skip_tracking":false,"_monsterinsights_sitenote_active":false,"_monsterinsights_sitenote_note":"","_monsterinsights_sitenote_category":0,"footnotes":""},"categories":[3],"tags":[15,16,96,457,109],"class_list":["post-6207","post","type-post","status-publish","format-standard","has-post-thumbnail","hentry","category-lokalno-vrijeme","tag-bura","tag-dalmacija","tag-nevrijeme","tag-obilna-kisa","tag-oluja"],"_links":{"self":[{"href":"https:\/\/sibenik-meteo.hr\/index.php\/wp-json\/wp\/v2\/posts\/6207","targetHints":{"allow":["GET"]}}],"collection":[{"href":"https:\/\/sibenik-meteo.hr\/index.php\/wp-json\/wp\/v2\/posts"}],"about":[{"href":"https:\/\/sibenik-meteo.hr\/index.php\/wp-json\/wp\/v2\/types\/post"}],"author":[{"embeddable":true,"href":"https:\/\/sibenik-meteo.hr\/index.php\/wp-json\/wp\/v2\/users\/1"}],"replies":[{"embeddable":true,"href":"https:\/\/sibenik-meteo.hr\/index.php\/wp-json\/wp\/v2\/comments?post=6207"}],"version-history":[{"count":2,"href":"https:\/\/sibenik-meteo.hr\/index.php\/wp-json\/wp\/v2\/posts\/6207\/revisions"}],"predecessor-version":[{"id":6209,"href":"https:\/\/sibenik-meteo.hr\/index.php\/wp-json\/wp\/v2\/posts\/6207\/revisions\/6209"}],"wp:featuredmedia":[{"embeddable":true,"href":"https:\/\/sibenik-meteo.hr\/index.php\/wp-json\/wp\/v2\/media\/4848"}],"wp:attachment":[{"href":"https:\/\/sibenik-meteo.hr\/index.php\/wp-json\/wp\/v2\/media?parent=6207"}],"wp:term":[{"taxonomy":"category","embeddable":true,"href":"https:\/\/sibenik-meteo.hr\/index.php\/wp-json\/wp\/v2\/categories?post=6207"},{"taxonomy":"post_tag","embeddable":true,"href":"https:\/\/sibenik-meteo.hr\/index.php\/wp-json\/wp\/v2\/tags?post=6207"}],"curies":[{"name":"wp","href":"https:\/\/api.w.org\/{rel}","templated":true}]}}