{"id":6176,"date":"2024-09-07T10:15:43","date_gmt":"2024-09-07T08:15:43","guid":{"rendered":"https:\/\/sibenik-meteo.hr\/?p=6176"},"modified":"2024-09-07T10:15:44","modified_gmt":"2024-09-07T08:15:44","slug":"vikend-prolazno-stabilan-prije-novog-vala-pogorsanja-u-ponedjeljak","status":"publish","type":"post","link":"https:\/\/sibenik-meteo.hr\/index.php\/2024\/09\/07\/vikend-prolazno-stabilan-prije-novog-vala-pogorsanja-u-ponedjeljak\/","title":{"rendered":"Vikend prolazno stabilan prije novog vala pogor\u0161anja u ponedjeljak"},"content":{"rendered":"\n<p>Nakon brzopoteznog pogor\u0161anja koje je protutnjalo ovim prostorima u no\u0107i sa \u010detvrtka na petak ju\u010dera\u0161nji dan donio je prolaznu stabilizaciju vremena koja \u0107e se protegnuti na ve\u0107i dio vikenda tijekom kojeg \u0107e uz ne\u0161to nestabilniji zrak po visini dominirati anticiklonalno polje koje se prote\u017ee sa sjeverozapada kontinenta.<\/p>\n\n\n\n<p>Stabilizacija \u0107e biti kratkog daha jer se ve\u0107 u no\u0107i i tijekom ponedjeljka o\u010dekuje pogor\u0161anje vremena uz ki\u0161u i neverine pa \u0107e nedjelja donijeti postupnu promjenu i porast naoblake uz okretanje vjetra na ju\u017ene smjerove.<\/p>\n\n\n\n<p>Prethodno danas imati \u0107emo prete\u017eno sun\u010danu i ugodno toplu subotu. Uz sasvim slab vjetar maksimalna temperatura zraka \u0107e se tek na rijetkim lokacijama pribli\u017eiti 30-tom stupnju, a sli\u010dno ili za stupanj do dva vi\u0161e o\u010dekuje se i sutra.<br><\/p>\n","protected":false},"excerpt":{"rendered":"<p>Nakon brzopoteznog pogor\u0161anja koje je protutnjalo ovim prostorima u no\u0107i sa \u010detvrtka na petak ju\u010dera\u0161nji&#8230;<\/p>\n","protected":false},"author":1,"featured_media":3691,"comment_status":"closed","ping_status":"open","sticky":false,"template":"","format":"standard","meta":{"_monsterinsights_skip_tracking":false,"_monsterinsights_sitenote_active":false,"_monsterinsights_sitenote_note":"","_monsterinsights_sitenote_category":0,"footnotes":""},"categories":[3],"tags":[16,49,222,76,340],"class_list":["post-6176","post","type-post","status-publish","format-standard","has-post-thumbnail","hentry","category-lokalno-vrijeme","tag-dalmacija","tag-jadran","tag-lokalna-prognoza","tag-prognoza-vremena","tag-vikend-prognoza"],"_links":{"self":[{"href":"https:\/\/sibenik-meteo.hr\/index.php\/wp-json\/wp\/v2\/posts\/6176","targetHints":{"allow":["GET"]}}],"collection":[{"href":"https:\/\/sibenik-meteo.hr\/index.php\/wp-json\/wp\/v2\/posts"}],"about":[{"href":"https:\/\/sibenik-meteo.hr\/index.php\/wp-json\/wp\/v2\/types\/post"}],"author":[{"embeddable":true,"href":"https:\/\/sibenik-meteo.hr\/index.php\/wp-json\/wp\/v2\/users\/1"}],"replies":[{"embeddable":true,"href":"https:\/\/sibenik-meteo.hr\/index.php\/wp-json\/wp\/v2\/comments?post=6176"}],"version-history":[{"count":1,"href":"https:\/\/sibenik-meteo.hr\/index.php\/wp-json\/wp\/v2\/posts\/6176\/revisions"}],"predecessor-version":[{"id":6177,"href":"https:\/\/sibenik-meteo.hr\/index.php\/wp-json\/wp\/v2\/posts\/6176\/revisions\/6177"}],"wp:featuredmedia":[{"embeddable":true,"href":"https:\/\/sibenik-meteo.hr\/index.php\/wp-json\/wp\/v2\/media\/3691"}],"wp:attachment":[{"href":"https:\/\/sibenik-meteo.hr\/index.php\/wp-json\/wp\/v2\/media?parent=6176"}],"wp:term":[{"taxonomy":"category","embeddable":true,"href":"https:\/\/sibenik-meteo.hr\/index.php\/wp-json\/wp\/v2\/categories?post=6176"},{"taxonomy":"post_tag","embeddable":true,"href":"https:\/\/sibenik-meteo.hr\/index.php\/wp-json\/wp\/v2\/tags?post=6176"}],"curies":[{"name":"wp","href":"https:\/\/api.w.org\/{rel}","templated":true}]}}