{"id":6139,"date":"2024-08-26T06:09:53","date_gmt":"2024-08-26T04:09:53","guid":{"rendered":"https:\/\/sibenik-meteo.hr\/?p=6139"},"modified":"2024-08-26T06:09:54","modified_gmt":"2024-08-26T04:09:54","slug":"iznad-srbije-proletio-meteor","status":"publish","type":"post","link":"https:\/\/sibenik-meteo.hr\/index.php\/2024\/08\/26\/iznad-srbije-proletio-meteor\/","title":{"rendered":"Iznad Srbije proletio meteor"},"content":{"rendered":"\n<p>Sino\u0107 je nebom iznad Srbije proletio meteor, pi\u0161e <a rel=\"noreferrer noopener\" href=\"https:\/\/www.b92.net\/zivot\/nauka\/52325\/uzareni-meteor-na-nebu-iznad-srbije-gradani-salju-dramaticne-snimke-video\/vest\" target=\"_blank\">B92<\/a>. Gra\u0111ani su javljali da su ga vidjeli iz Beograda, Novog Sada, Ni\u0161a, Kraljeva, \u010ca\u010dka, Vrnja\u010dke Banje, ali prema komentarima \u010ditatelja vidio se i iz dijela Hrvatske, najbolje iz Slavonije.<\/p>\n\n\n\n<p>Astronomska udruga \u201cEureka\u201d na svom je Instagram profilu objasnila o \u010demu se to\u010dno radi.<\/p>\n\n\n\n<p>\u201cIznad Srbije je proletio bolid. U pitanju je meteor ve\u0107ih razmjera i\n izrazito jakog sjaja, kao vatrena kugla. Kretao se veoma sporo jer je u\n atmosferu u\u0161ao pod o\u0161trim kutom. U potpunosti je izgorio u atmosferi\u201d, \nnapisali su uz snimku zabilje\u017eenu nedaleko od Kru\u0161evca.<\/p>\n\n\n\n<figure class=\"wp-block-embed-twitter aligncenter wp-block-embed is-type-rich is-provider-twitter\"><div class=\"wp-block-embed__wrapper\">\n<blockquote class=\"twitter-tweet\" data-width=\"550\" data-dnt=\"true\"><p lang=\"und\" dir=\"ltr\"><a href=\"https:\/\/twitter.com\/hashtag\/meteor?src=hash&amp;ref_src=twsrc%5Etfw\">#meteor<\/a> ? <a href=\"https:\/\/t.co\/UjrD51ZZ1r\">pic.twitter.com\/UjrD51ZZ1r<\/a><\/p>&mdash; Eddy (@eedizaksu) <a href=\"https:\/\/twitter.com\/eedizaksu\/status\/1827773556949746142?ref_src=twsrc%5Etfw\">August 25, 2024<\/a><\/blockquote><script async src=\"https:\/\/platform.twitter.com\/widgets.js\" charset=\"utf-8\"><\/script>\n<\/div><\/figure>\n","protected":false},"excerpt":{"rendered":"<p>Sino\u0107 je nebom iznad Srbije proletio meteor, pi\u0161e B92. Gra\u0111ani su javljali da su ga&#8230;<\/p>\n","protected":false},"author":1,"featured_media":6140,"comment_status":"closed","ping_status":"open","sticky":false,"template":"","format":"standard","meta":{"_monsterinsights_skip_tracking":false,"_monsterinsights_sitenote_active":false,"_monsterinsights_sitenote_note":"","_monsterinsights_sitenote_category":0,"footnotes":""},"categories":[11],"tags":[543,232,229,691],"class_list":["post-6139","post","type-post","status-publish","format-standard","has-post-thumbnail","hentry","category-europa","tag-balkan","tag-europa","tag-meteor","tag-srbija"],"_links":{"self":[{"href":"https:\/\/sibenik-meteo.hr\/index.php\/wp-json\/wp\/v2\/posts\/6139","targetHints":{"allow":["GET"]}}],"collection":[{"href":"https:\/\/sibenik-meteo.hr\/index.php\/wp-json\/wp\/v2\/posts"}],"about":[{"href":"https:\/\/sibenik-meteo.hr\/index.php\/wp-json\/wp\/v2\/types\/post"}],"author":[{"embeddable":true,"href":"https:\/\/sibenik-meteo.hr\/index.php\/wp-json\/wp\/v2\/users\/1"}],"replies":[{"embeddable":true,"href":"https:\/\/sibenik-meteo.hr\/index.php\/wp-json\/wp\/v2\/comments?post=6139"}],"version-history":[{"count":1,"href":"https:\/\/sibenik-meteo.hr\/index.php\/wp-json\/wp\/v2\/posts\/6139\/revisions"}],"predecessor-version":[{"id":6141,"href":"https:\/\/sibenik-meteo.hr\/index.php\/wp-json\/wp\/v2\/posts\/6139\/revisions\/6141"}],"wp:featuredmedia":[{"embeddable":true,"href":"https:\/\/sibenik-meteo.hr\/index.php\/wp-json\/wp\/v2\/media\/6140"}],"wp:attachment":[{"href":"https:\/\/sibenik-meteo.hr\/index.php\/wp-json\/wp\/v2\/media?parent=6139"}],"wp:term":[{"taxonomy":"category","embeddable":true,"href":"https:\/\/sibenik-meteo.hr\/index.php\/wp-json\/wp\/v2\/categories?post=6139"},{"taxonomy":"post_tag","embeddable":true,"href":"https:\/\/sibenik-meteo.hr\/index.php\/wp-json\/wp\/v2\/tags?post=6139"}],"curies":[{"name":"wp","href":"https:\/\/api.w.org\/{rel}","templated":true}]}}