{"id":6050,"date":"2024-08-13T09:08:21","date_gmt":"2024-08-13T07:08:21","guid":{"rendered":"https:\/\/sibenik-meteo.hr\/?p=6050"},"modified":"2024-08-13T09:08:22","modified_gmt":"2024-08-13T07:08:22","slug":"jak-potres-na-sjeveru-zemlje","status":"publish","type":"post","link":"https:\/\/sibenik-meteo.hr\/index.php\/2024\/08\/13\/jak-potres-na-sjeveru-zemlje\/","title":{"rendered":"Jak potres na sjeveru zemlje"},"content":{"rendered":"\n<p>Danas, 13. kolovoza 2024. godine u osam sati i 43 minute, seizmografi  Seizmolo\u0161ke slu\u017ebe Republike Hrvatske zabilje\u017eili su prili\u010dno jak potres  17 km sjeverno od Kri\u017eevaca. Magnituda potresa iznosila je 4.0 prema  Richteru, a procijenjeni intenzitet V stupnjeva EMS. Osjetio se na \u0161irem  podru\u010dju sjeverne Hrvatske, stoji u izvje\u0161\u0107u<a href=\"https:\/\/www.pmf.unizg.hr\/geof\/seizmoloska_sluzba\/izvjesca_o_potresima?@=1o5f4#news_45225\"> Geofizi\u010dkog zavoda<\/a>.<\/p>\n","protected":false},"excerpt":{"rendered":"<p>Danas, 13. kolovoza 2024. godine u osam sati i 43 minute, seizmografi Seizmolo\u0161ke slu\u017ebe Republike&#8230;<\/p>\n","protected":false},"author":1,"featured_media":6051,"comment_status":"closed","ping_status":"open","sticky":false,"template":"","format":"standard","meta":{"_monsterinsights_skip_tracking":false,"_monsterinsights_sitenote_active":false,"_monsterinsights_sitenote_note":"","_monsterinsights_sitenote_category":0,"footnotes":""},"categories":[10],"tags":[508,77,48,112],"class_list":["post-6050","post","type-post","status-publish","format-standard","has-post-thumbnail","hentry","category-hrvatska","tag-geofizicki-odjel","tag-hrvatska","tag-potres","tag-zagreb"],"_links":{"self":[{"href":"https:\/\/sibenik-meteo.hr\/index.php\/wp-json\/wp\/v2\/posts\/6050","targetHints":{"allow":["GET"]}}],"collection":[{"href":"https:\/\/sibenik-meteo.hr\/index.php\/wp-json\/wp\/v2\/posts"}],"about":[{"href":"https:\/\/sibenik-meteo.hr\/index.php\/wp-json\/wp\/v2\/types\/post"}],"author":[{"embeddable":true,"href":"https:\/\/sibenik-meteo.hr\/index.php\/wp-json\/wp\/v2\/users\/1"}],"replies":[{"embeddable":true,"href":"https:\/\/sibenik-meteo.hr\/index.php\/wp-json\/wp\/v2\/comments?post=6050"}],"version-history":[{"count":1,"href":"https:\/\/sibenik-meteo.hr\/index.php\/wp-json\/wp\/v2\/posts\/6050\/revisions"}],"predecessor-version":[{"id":6052,"href":"https:\/\/sibenik-meteo.hr\/index.php\/wp-json\/wp\/v2\/posts\/6050\/revisions\/6052"}],"wp:featuredmedia":[{"embeddable":true,"href":"https:\/\/sibenik-meteo.hr\/index.php\/wp-json\/wp\/v2\/media\/6051"}],"wp:attachment":[{"href":"https:\/\/sibenik-meteo.hr\/index.php\/wp-json\/wp\/v2\/media?parent=6050"}],"wp:term":[{"taxonomy":"category","embeddable":true,"href":"https:\/\/sibenik-meteo.hr\/index.php\/wp-json\/wp\/v2\/categories?post=6050"},{"taxonomy":"post_tag","embeddable":true,"href":"https:\/\/sibenik-meteo.hr\/index.php\/wp-json\/wp\/v2\/tags?post=6050"}],"curies":[{"name":"wp","href":"https:\/\/api.w.org\/{rel}","templated":true}]}}