{"id":6046,"date":"2024-08-10T10:10:18","date_gmt":"2024-08-10T08:10:18","guid":{"rendered":"https:\/\/sibenik-meteo.hr\/?p=6046"},"modified":"2024-08-10T10:12:06","modified_gmt":"2024-08-10T08:12:06","slug":"meteoalarm-obala-ponovno-pod-crvenim-upozorenjem","status":"publish","type":"post","link":"https:\/\/sibenik-meteo.hr\/index.php\/2024\/08\/10\/meteoalarm-obala-ponovno-pod-crvenim-upozorenjem\/","title":{"rendered":"Meteoalarm: Obala ponovno pod crvenim upozorenjem"},"content":{"rendered":"\n<p>Anticiklonalni greben sa sjeverozapada kontinenta u danima vikenda na Jadranu \u0107e podr\u017eavati stabilne ljetne vremenske prilike \u0161to u prijevodu zna\u0107i vedro i vru\u0107e vrijeme uz slabe do umjerene dnevne vjetrove s mora, a no\u0107u tiho ili burin.<\/p>\n\n\n\n<p>Obalni dio zemlje od danas je ponovno obajan u crveni meteoalarm, a razlog je po\u010detak jo\u0161 jednog ovoljetnog toplinskog vala koji \u0107e maksimalne dnevne temperature zraka lokalno popeti do 37, a i one no\u0107ne \u0107e biti u porastu i kretati se iznad 25 do 28 stupnjeva.<\/p>\n\n\n\n<p><br><\/p>\n\n\n\n<div class=\"wp-block-image\"><figure class=\"aligncenter\"><img loading=\"lazy\" decoding=\"async\" width=\"1024\" height=\"769\" src=\"https:\/\/sibenik-meteo.hr\/wp-content\/uploads\/2023\/08\/137D909C-4F19-4043-80EE-68606689DA25-1024x769.jpeg\" alt=\"\" class=\"wp-image-4877\" srcset=\"https:\/\/sibenik-meteo.hr\/wp-content\/uploads\/2023\/08\/137D909C-4F19-4043-80EE-68606689DA25-1024x769.jpeg 1024w, https:\/\/sibenik-meteo.hr\/wp-content\/uploads\/2023\/08\/137D909C-4F19-4043-80EE-68606689DA25-300x225.jpeg 300w, https:\/\/sibenik-meteo.hr\/wp-content\/uploads\/2023\/08\/137D909C-4F19-4043-80EE-68606689DA25-768x576.jpeg 768w, https:\/\/sibenik-meteo.hr\/wp-content\/uploads\/2023\/08\/137D909C-4F19-4043-80EE-68606689DA25.jpeg 1155w\" sizes=\"auto, (max-width: 1024px) 100vw, 1024px\" \/><\/figure><\/div>\n","protected":false},"excerpt":{"rendered":"<p>Anticiklonalni greben sa sjeverozapada kontinenta u danima vikenda na Jadranu \u0107e podr\u017eavati stabilne ljetne vremenske&#8230;<\/p>\n","protected":false},"author":1,"featured_media":6047,"comment_status":"closed","ping_status":"open","sticky":false,"template":"","format":"standard","meta":{"_monsterinsights_skip_tracking":false,"_monsterinsights_sitenote_active":false,"_monsterinsights_sitenote_note":"","_monsterinsights_sitenote_category":0,"footnotes":""},"categories":[3],"tags":[49,222,137,76,340],"class_list":["post-6046","post","type-post","status-publish","format-standard","has-post-thumbnail","hentry","category-lokalno-vrijeme","tag-jadran","tag-lokalna-prognoza","tag-meteoalarm","tag-prognoza-vremena","tag-vikend-prognoza"],"_links":{"self":[{"href":"https:\/\/sibenik-meteo.hr\/index.php\/wp-json\/wp\/v2\/posts\/6046","targetHints":{"allow":["GET"]}}],"collection":[{"href":"https:\/\/sibenik-meteo.hr\/index.php\/wp-json\/wp\/v2\/posts"}],"about":[{"href":"https:\/\/sibenik-meteo.hr\/index.php\/wp-json\/wp\/v2\/types\/post"}],"author":[{"embeddable":true,"href":"https:\/\/sibenik-meteo.hr\/index.php\/wp-json\/wp\/v2\/users\/1"}],"replies":[{"embeddable":true,"href":"https:\/\/sibenik-meteo.hr\/index.php\/wp-json\/wp\/v2\/comments?post=6046"}],"version-history":[{"count":2,"href":"https:\/\/sibenik-meteo.hr\/index.php\/wp-json\/wp\/v2\/posts\/6046\/revisions"}],"predecessor-version":[{"id":6049,"href":"https:\/\/sibenik-meteo.hr\/index.php\/wp-json\/wp\/v2\/posts\/6046\/revisions\/6049"}],"wp:featuredmedia":[{"embeddable":true,"href":"https:\/\/sibenik-meteo.hr\/index.php\/wp-json\/wp\/v2\/media\/6047"}],"wp:attachment":[{"href":"https:\/\/sibenik-meteo.hr\/index.php\/wp-json\/wp\/v2\/media?parent=6046"}],"wp:term":[{"taxonomy":"category","embeddable":true,"href":"https:\/\/sibenik-meteo.hr\/index.php\/wp-json\/wp\/v2\/categories?post=6046"},{"taxonomy":"post_tag","embeddable":true,"href":"https:\/\/sibenik-meteo.hr\/index.php\/wp-json\/wp\/v2\/tags?post=6046"}],"curies":[{"name":"wp","href":"https:\/\/api.w.org\/{rel}","templated":true}]}}