{"id":6036,"date":"2025-08-04T23:59:42","date_gmt":"2025-08-04T21:59:42","guid":{"rendered":"https:\/\/sibenik-meteo.hr\/?p=6036"},"modified":"2025-08-06T09:13:43","modified_gmt":"2025-08-06T07:13:43","slug":"na-danasnji-dan-1988-sibenik-pogodio-katastrofalan-pozar","status":"publish","type":"post","link":"https:\/\/sibenik-meteo.hr\/index.php\/2025\/08\/04\/na-danasnji-dan-1988-sibenik-pogodio-katastrofalan-pozar\/","title":{"rendered":"Na dana\u0161nji dan 1988 \u0160ibenik pogodio katastrofalan po\u017ear"},"content":{"rendered":"\n<p>Na dana\u0161nji dan, 4. kolovoza 1988 godine, \u0160ibenik je do\u017eivio i pre\u017eivio jedan od najja\u010dih i najgorih po\u017eara koji je neposredno zaprijetio stambenim zgradama i ku\u0107ama, a u dvodnevnoj bitki sa vaterenom stihijom osim lokalnih vatrogasnih snaga sudjelovala su i brojna druga vatrogasna dru\u0161tva iz cijele zemlje, tada\u0161nja JNA, radnici i brojni gra\u0111ani koji su se na poziv Civilne za\u0161tite bili odazvali.<\/p>\n\n\n\n<p>Ljeto 1988 godine obilje\u017eili su brojni po\u017eari na \u0161ibenskom podru\u010dju pa su vatrogasci bili na stalnim intervencijama kao i tog dana kada je po\u017ear prvo izbio u primo\u0161tenskom zale\u0111u.<\/p>\n\n\n\n<p>Nedugo zatim po\u017eari su se pro\u0161irili na Jadrtovac i Morinjski zaljev \u010diju borovu \u0161umu su uz kanadere branila i dva remorkera. Ne\u0161to kasnije buknilo je i na Bikarcu te no\u0161en jugom po\u017ear se vrlo brzo \u0161irio prema \u0160ibeniku i do\u0161ao do gradskog naselja Vidici gdje se vatrena stihija sa brda Kamenar prebacila preko magistrale i spustila se sve do prvih ku\u0107a i izazvala pravu paniku me\u0111u stanovnicima koji su evakuirani, a od vatrene stihije ku\u0107e su spasili splitski vatrogasci koji su uz kolege iz Biograda, Knina, Zagreba te brojnih drugih gradova i mjesta stigli u pripomo\u0107. Vatra je svoj put nastavila prema \u0160ubi\u0107evcu gdje su gra\u0111ani u panici napu\u0161tali zgrade i uputili se prema obali. Ju\u017enim vjetrom no\u0161ena vatrena buktinja stigla je sve do kamenoloma Izgradnje i benzinske pumpe u Njivicima nakon \u010dega je vjetar okrenuo na buru.<\/p>\n\n\n\n<p>U narednim danima vlasti su potvrdile da je u po\u017earima oko \u0160ibenika tih dana bilo i \u017ertava, odnosno jedan poginuli te nekoliko njih ozlje\u0111enih od vodene bombe kanadera te jo\u0161 nekoliko u prevrtanju vodi\u010dke cisterne na magistrali koja je bila gotovo dva dana zatvorena za promet.<\/p>\n\n\n\n<p>Grad je ostao bez struje, a posebno je bilo kriti\u010dno za TLM koji je nije imao oko 2 sata vremena \u0161to je bilo vrlo opasno za proces elektrolize jer nakon nestanka struje duljeg od \u0161est sati dolazi do velike gospodarske \u0161tete \u0161to se i dogodilo vrlo brzo u danima rujanskog rata 1991 godine.<br><\/p>\n","protected":false},"excerpt":{"rendered":"<p>Na dana\u0161nji dan, 4. kolovoza 1988 godine, \u0160ibenik je do\u017eivio i pre\u017eivio jedan od najja\u010dih&#8230;<\/p>\n","protected":false},"author":1,"featured_media":6034,"comment_status":"closed","ping_status":"open","sticky":false,"template":"","format":"standard","meta":{"_monsterinsights_skip_tracking":false,"_monsterinsights_sitenote_active":false,"_monsterinsights_sitenote_note":"","_monsterinsights_sitenote_category":0,"footnotes":""},"categories":[523],"tags":[707,417,61,419,549],"class_list":["post-6036","post","type-post","status-publish","format-standard","has-post-thumbnail","hentry","category-vremepolov","tag-707","tag-pozar","tag-sibenik","tag-vatrogasci","tag-vremeplov"],"_links":{"self":[{"href":"https:\/\/sibenik-meteo.hr\/index.php\/wp-json\/wp\/v2\/posts\/6036","targetHints":{"allow":["GET"]}}],"collection":[{"href":"https:\/\/sibenik-meteo.hr\/index.php\/wp-json\/wp\/v2\/posts"}],"about":[{"href":"https:\/\/sibenik-meteo.hr\/index.php\/wp-json\/wp\/v2\/types\/post"}],"author":[{"embeddable":true,"href":"https:\/\/sibenik-meteo.hr\/index.php\/wp-json\/wp\/v2\/users\/1"}],"replies":[{"embeddable":true,"href":"https:\/\/sibenik-meteo.hr\/index.php\/wp-json\/wp\/v2\/comments?post=6036"}],"version-history":[{"count":3,"href":"https:\/\/sibenik-meteo.hr\/index.php\/wp-json\/wp\/v2\/posts\/6036\/revisions"}],"predecessor-version":[{"id":6039,"href":"https:\/\/sibenik-meteo.hr\/index.php\/wp-json\/wp\/v2\/posts\/6036\/revisions\/6039"}],"wp:featuredmedia":[{"embeddable":true,"href":"https:\/\/sibenik-meteo.hr\/index.php\/wp-json\/wp\/v2\/media\/6034"}],"wp:attachment":[{"href":"https:\/\/sibenik-meteo.hr\/index.php\/wp-json\/wp\/v2\/media?parent=6036"}],"wp:term":[{"taxonomy":"category","embeddable":true,"href":"https:\/\/sibenik-meteo.hr\/index.php\/wp-json\/wp\/v2\/categories?post=6036"},{"taxonomy":"post_tag","embeddable":true,"href":"https:\/\/sibenik-meteo.hr\/index.php\/wp-json\/wp\/v2\/tags?post=6036"}],"curies":[{"name":"wp","href":"https:\/\/api.w.org\/{rel}","templated":true}]}}