{"id":6032,"date":"2024-08-04T10:02:21","date_gmt":"2024-08-04T08:02:21","guid":{"rendered":"https:\/\/sibenik-meteo.hr\/?p=6032"},"modified":"2024-08-04T10:02:22","modified_gmt":"2024-08-04T08:02:22","slug":"klimatolog-grisogono-iducih-nekoliko-desetljeca-zaboravimo-na-ljeta-koja-smo-nekada-imali","status":"publish","type":"post","link":"https:\/\/sibenik-meteo.hr\/index.php\/2024\/08\/04\/klimatolog-grisogono-iducih-nekoliko-desetljeca-zaboravimo-na-ljeta-koja-smo-nekada-imali\/","title":{"rendered":"Klimatolog Grisogono: Idu\u0107ih nekoliko desetlje\u0107a zaboravimo na ljeta koja smo nekada imali"},"content":{"rendered":"\n<p><strong>Branko Grisogono<\/strong>, klimatolog i profesor na zagreba\u010dkom PMF-u, govorio je za\u00a0<a rel=\"noreferrer noopener\" href=\"https:\/\/vijesti.hrt.hr\/hrvatska\/strucnjak-za-klimatske-promjene-dolaze-paklena-ljeta-i-drustvo-se-treba-reorganizirati-11691240\" target=\"_blank\">HRT<\/a> o  sve \u010de\u0161\u0107im nestabilnim vremenskim prilikama i klimatskim promjenama te istaknuo da se moramo naviknuti na takve promjene vremena i da \u0107e sve \u010de\u0161\u0107e  dolaziti do takvih neprilika.<\/p>\n\n\n\n<p>Grisogono je istaknuo kako idu\u0107ih nekoliko desetlje\u0107a trebamo zaboraviti ljeta koja smo nekada imali. <\/p>\n\n\n\n<p><em>-Mi se moramo prilago\u0111avati i poku\u0161avati se bolje pripremiti da \numanjimo takve efekte. To je neminovno. Svi detalji nisu bili \nprognozirani u klimatskim simulacijama, \u0161to je razumljivo. To su samo \nnumeri\u010dki modeli. A priroda je mnogo kompleksnija od bilo kojeg modela,<\/em> kazao je.&nbsp;<\/p>\n\n\n\n<p>Tjednima se ponavlja sli\u010dan scenarij, najprije sti\u017ee nevrijeme u  Sloveniju, zatim se \u0161iri na Zagorje, koje je ovog ljeta vi\u0161e puta  stradalo. Potom oluja slabi iznad Zagreba i dalje se pomi\u010de prema istoku  Hrvatske.<\/p>\n\n\n\n<p>Grisogono ka\u017ee da se tu vrlo malo toga mo\u017ee promijeniti. Dodao je \nkako na to najvi\u0161e imaju utjecaj ja\u010de zagrijavanje i koli\u010dina vla\u017enosti,\n stoga se mogu pojaviti superpijavice ili mala ili te\u0161ka tornada.&nbsp;<\/p>\n\n\n\n<p>Grisogono je rekao da se sve vi\u0161e tro\u0161i energije na hla\u0111enje ljeti nego za grijanje zimi. <\/p>\n\n\n\n<p><em>-Kada bismo analizirali ovo ljeto, \u010dini mi se da ne bi bilo \ntjedna da nismo imali ekstremne temperature, vru\u0107ine, nevremena, ali i \npo\u017eare koji nikada nisu ostavljali takvu pusto\u0161 i zgari\u0161ta kao ove \ngodine, doslovno imamo pakleno ljeto,<\/em> ka\u017ee.<\/p>\n\n\n\n<p>Grisogono je naglasio kako nam dolaze paklena ljeta za koja se moramo dobro pripremiti. <\/p>\n","protected":false},"excerpt":{"rendered":"<p>Branko Grisogono, klimatolog i profesor na zagreba\u010dkom PMF-u, govorio je za\u00a0HRT o sve \u010de\u0161\u0107im nestabilnim&#8230;<\/p>\n","protected":false},"author":1,"featured_media":4809,"comment_status":"closed","ping_status":"open","sticky":false,"template":"","format":"standard","meta":{"_monsterinsights_skip_tracking":false,"_monsterinsights_sitenote_active":false,"_monsterinsights_sitenote_note":"","_monsterinsights_sitenote_category":0,"footnotes":""},"categories":[10],"tags":[706,77,55,207,194],"class_list":["post-6032","post","type-post","status-publish","format-standard","has-post-thumbnail","hentry","category-hrvatska","tag-grisogono","tag-hrvatska","tag-klima","tag-klimatske-promjene","tag-pmf"],"_links":{"self":[{"href":"https:\/\/sibenik-meteo.hr\/index.php\/wp-json\/wp\/v2\/posts\/6032","targetHints":{"allow":["GET"]}}],"collection":[{"href":"https:\/\/sibenik-meteo.hr\/index.php\/wp-json\/wp\/v2\/posts"}],"about":[{"href":"https:\/\/sibenik-meteo.hr\/index.php\/wp-json\/wp\/v2\/types\/post"}],"author":[{"embeddable":true,"href":"https:\/\/sibenik-meteo.hr\/index.php\/wp-json\/wp\/v2\/users\/1"}],"replies":[{"embeddable":true,"href":"https:\/\/sibenik-meteo.hr\/index.php\/wp-json\/wp\/v2\/comments?post=6032"}],"version-history":[{"count":1,"href":"https:\/\/sibenik-meteo.hr\/index.php\/wp-json\/wp\/v2\/posts\/6032\/revisions"}],"predecessor-version":[{"id":6033,"href":"https:\/\/sibenik-meteo.hr\/index.php\/wp-json\/wp\/v2\/posts\/6032\/revisions\/6033"}],"wp:featuredmedia":[{"embeddable":true,"href":"https:\/\/sibenik-meteo.hr\/index.php\/wp-json\/wp\/v2\/media\/4809"}],"wp:attachment":[{"href":"https:\/\/sibenik-meteo.hr\/index.php\/wp-json\/wp\/v2\/media?parent=6032"}],"wp:term":[{"taxonomy":"category","embeddable":true,"href":"https:\/\/sibenik-meteo.hr\/index.php\/wp-json\/wp\/v2\/categories?post=6032"},{"taxonomy":"post_tag","embeddable":true,"href":"https:\/\/sibenik-meteo.hr\/index.php\/wp-json\/wp\/v2\/tags?post=6032"}],"curies":[{"name":"wp","href":"https:\/\/api.w.org\/{rel}","templated":true}]}}