{"id":6007,"date":"2024-08-01T05:54:49","date_gmt":"2024-08-01T03:54:49","guid":{"rendered":"https:\/\/sibenik-meteo.hr\/?p=6007"},"modified":"2024-08-01T05:54:50","modified_gmt":"2024-08-01T03:54:50","slug":"eu-visok-do-ekstremni-rizik-od-pozara-u-vecem-dijelu-juzne-europe","status":"publish","type":"post","link":"https:\/\/sibenik-meteo.hr\/index.php\/2024\/08\/01\/eu-visok-do-ekstremni-rizik-od-pozara-u-vecem-dijelu-juzne-europe\/","title":{"rendered":"EU: &#8216;Visok do ekstremni rizik od po\u017eara&#8217; u ve\u0107em dijelu ju\u017ene Europe"},"content":{"rendered":"\n<p>Pred \u0161picu godi\u0161njih odmora kada ve\u0107ina Europljana kre\u0107e put Mediterana EU agencije objavile su priop\u0107enje u kojima ih upozoravaju da se osim na vru\u0107inu pripreme i na visok rizik od \u0161umskih po\u017eara, prenosi <a href=\"https:\/\/news.sky.com\/story\/high-to-extreme-risk-of-wildfire-across-most-of-southern-europe-13187279\">Sky News<\/a>.<\/p>\n\n\n\n<p>Rizik  od \u0161umskih po\u017eara trenutno je visok ili ekstreman u odredi\u0161tima za  ljetni odmor u ve\u0107em dijelu ju\u017ene Europe, upozorile su, uz prilo\u017eenu kartu  opasnosti od po\u017eara koja je obojana u nijanse tamnonaran\u010daste i tamnocrvene boje diljem kontinenta, od Portugala na zapadu, preko dijelova ju\u017ene Francuske, ve\u0107eg dijela Italije, Hrvatske i Crne Gore, Albanije, Gr\u010dke i Turske pri \u010demu je najve\u0107i rizik od po\u017eara u podru\u010djima poput isto\u010dne \u0160panjolske, &#8216;\u010dizme&#8217; ju\u017ene Italije i  dijelova Gr\u010dke, ozna\u010denih crnom bojom na karti koju je izradio Europski  informacijski sustav za \u0161umske po\u017eare (EFFIS) Europske unije. <\/p>\n\n\n\n<p>Osim vala vru\u0107ine visokom riziku od po\u017eara doprinosi i su\u0161a koja je najizra\u017eenija u srednjoj i ju\u017enoj Italiji, sjeverozapadnoj \u0160panjolskoj, Gr\u010dkoj te u sredi\u0161njoj i zapadnoj Turskoj.  <\/p>\n\n\n\n<div class=\"wp-block-image\"><figure class=\"aligncenter\"><img loading=\"lazy\" decoding=\"async\" width=\"1024\" height=\"576\" src=\"https:\/\/sibenik-meteo.hr\/wp-content\/uploads\/2024\/08\/fire-1024x576.jpg\" alt=\"\" class=\"wp-image-6009\" srcset=\"https:\/\/sibenik-meteo.hr\/wp-content\/uploads\/2024\/08\/fire-1024x576.jpg 1024w, https:\/\/sibenik-meteo.hr\/wp-content\/uploads\/2024\/08\/fire-300x169.jpg 300w, https:\/\/sibenik-meteo.hr\/wp-content\/uploads\/2024\/08\/fire-768x432.jpg 768w, https:\/\/sibenik-meteo.hr\/wp-content\/uploads\/2024\/08\/fire.jpg 1600w\" sizes=\"auto, (max-width: 1024px) 100vw, 1024px\" \/><figcaption> <br>Prognoza opasnosti od po\u017eara, 29.-30. srpnja.<br>Izvor: EFFIS\/ECMWF\/FWI <\/figcaption><\/figure><\/div>\n","protected":false},"excerpt":{"rendered":"<p>Pred \u0161picu godi\u0161njih odmora kada ve\u0107ina Europljana kre\u0107e put Mediterana EU agencije objavile su priop\u0107enje&#8230;<\/p>\n","protected":false},"author":1,"featured_media":6008,"comment_status":"closed","ping_status":"open","sticky":false,"template":"","format":"standard","meta":{"_monsterinsights_skip_tracking":false,"_monsterinsights_sitenote_active":false,"_monsterinsights_sitenote_note":"","_monsterinsights_sitenote_category":0,"footnotes":""},"categories":[11],"tags":[97,440,232,417,312,419],"class_list":["post-6007","post","type-post","status-publish","format-standard","has-post-thumbnail","hentry","category-europa","tag-ekstremne-vremenske-prilike","tag-eu","tag-europa","tag-pozar","tag-susa","tag-vatrogasci"],"_links":{"self":[{"href":"https:\/\/sibenik-meteo.hr\/index.php\/wp-json\/wp\/v2\/posts\/6007","targetHints":{"allow":["GET"]}}],"collection":[{"href":"https:\/\/sibenik-meteo.hr\/index.php\/wp-json\/wp\/v2\/posts"}],"about":[{"href":"https:\/\/sibenik-meteo.hr\/index.php\/wp-json\/wp\/v2\/types\/post"}],"author":[{"embeddable":true,"href":"https:\/\/sibenik-meteo.hr\/index.php\/wp-json\/wp\/v2\/users\/1"}],"replies":[{"embeddable":true,"href":"https:\/\/sibenik-meteo.hr\/index.php\/wp-json\/wp\/v2\/comments?post=6007"}],"version-history":[{"count":1,"href":"https:\/\/sibenik-meteo.hr\/index.php\/wp-json\/wp\/v2\/posts\/6007\/revisions"}],"predecessor-version":[{"id":6010,"href":"https:\/\/sibenik-meteo.hr\/index.php\/wp-json\/wp\/v2\/posts\/6007\/revisions\/6010"}],"wp:featuredmedia":[{"embeddable":true,"href":"https:\/\/sibenik-meteo.hr\/index.php\/wp-json\/wp\/v2\/media\/6008"}],"wp:attachment":[{"href":"https:\/\/sibenik-meteo.hr\/index.php\/wp-json\/wp\/v2\/media?parent=6007"}],"wp:term":[{"taxonomy":"category","embeddable":true,"href":"https:\/\/sibenik-meteo.hr\/index.php\/wp-json\/wp\/v2\/categories?post=6007"},{"taxonomy":"post_tag","embeddable":true,"href":"https:\/\/sibenik-meteo.hr\/index.php\/wp-json\/wp\/v2\/tags?post=6007"}],"curies":[{"name":"wp","href":"https:\/\/api.w.org\/{rel}","templated":true}]}}