{"id":6001,"date":"2024-07-31T10:51:33","date_gmt":"2024-07-31T08:51:33","guid":{"rendered":"https:\/\/sibenik-meteo.hr\/?p=6001"},"modified":"2024-07-31T11:01:39","modified_gmt":"2024-07-31T09:01:39","slug":"dim-sa-pozarista-vidljiv-i-sa-satelita","status":"publish","type":"post","link":"https:\/\/sibenik-meteo.hr\/index.php\/2024\/07\/31\/dim-sa-pozarista-vidljiv-i-sa-satelita\/","title":{"rendered":"Dim sa po\u017eari\u0161ta vidljiv i sa satelita"},"content":{"rendered":"\n<p>Borba sa po\u017earima koji su ju\u010der na vi\u0161e mjesta buknili \u0161irom Dalmacije nastavlja se i danas, a najopasnije je i dalje u skradinskom zale\u0111u i kod Tu\u010depa.<\/p>\n\n\n\n<p>Zbog dima ju\u010der nave\u010der u \u0160ibeniku je situacija po pitanju kvalitete zraka bila jako lo\u0161a pa je <a href=\"https:\/\/sibenik-meteo.hr\/index.php\/kvaliteta-zraka-air-quality\/\">senzor<\/a> na \u0160ubi\u0107evcu u jednom trenutku mjerio ekstremno lo\u0161u kvalitetu zraka, a tijekom jutra glavnina dima na\u0161la se na otocima i na moru \u0161to je bilo vidljivo \u010dak i na satelitskim snimkama.<\/p>\n\n\n\n<div class=\"wp-block-image\"><figure class=\"aligncenter\"><img loading=\"lazy\" decoding=\"async\" width=\"750\" height=\"980\" src=\"https:\/\/sibenik-meteo.hr\/wp-content\/uploads\/2024\/07\/IMG_3236-1.jpeg\" alt=\"\" class=\"wp-image-6005\" srcset=\"https:\/\/sibenik-meteo.hr\/wp-content\/uploads\/2024\/07\/IMG_3236-1.jpeg 750w, https:\/\/sibenik-meteo.hr\/wp-content\/uploads\/2024\/07\/IMG_3236-1-230x300.jpeg 230w\" sizes=\"auto, (max-width: 750px) 100vw, 750px\" \/><figcaption>Po\u017ear kod Sladi\u0107a<\/figcaption><\/figure><\/div>\n","protected":false},"excerpt":{"rendered":"<p>Borba sa po\u017earima koji su ju\u010der na vi\u0161e mjesta buknili \u0161irom Dalmacije nastavlja se i&#8230;<\/p>\n","protected":false},"author":1,"featured_media":6002,"comment_status":"closed","ping_status":"open","sticky":false,"template":"","format":"standard","meta":{"_monsterinsights_skip_tracking":false,"_monsterinsights_sitenote_active":false,"_monsterinsights_sitenote_note":"","_monsterinsights_sitenote_category":0,"footnotes":""},"categories":[10],"tags":[77,417,383,21],"class_list":["post-6001","post","type-post","status-publish","format-standard","has-post-thumbnail","hentry","category-hrvatska","tag-hrvatska","tag-pozar","tag-satelit","tag-skradin"],"_links":{"self":[{"href":"https:\/\/sibenik-meteo.hr\/index.php\/wp-json\/wp\/v2\/posts\/6001","targetHints":{"allow":["GET"]}}],"collection":[{"href":"https:\/\/sibenik-meteo.hr\/index.php\/wp-json\/wp\/v2\/posts"}],"about":[{"href":"https:\/\/sibenik-meteo.hr\/index.php\/wp-json\/wp\/v2\/types\/post"}],"author":[{"embeddable":true,"href":"https:\/\/sibenik-meteo.hr\/index.php\/wp-json\/wp\/v2\/users\/1"}],"replies":[{"embeddable":true,"href":"https:\/\/sibenik-meteo.hr\/index.php\/wp-json\/wp\/v2\/comments?post=6001"}],"version-history":[{"count":2,"href":"https:\/\/sibenik-meteo.hr\/index.php\/wp-json\/wp\/v2\/posts\/6001\/revisions"}],"predecessor-version":[{"id":6006,"href":"https:\/\/sibenik-meteo.hr\/index.php\/wp-json\/wp\/v2\/posts\/6001\/revisions\/6006"}],"wp:featuredmedia":[{"embeddable":true,"href":"https:\/\/sibenik-meteo.hr\/index.php\/wp-json\/wp\/v2\/media\/6002"}],"wp:attachment":[{"href":"https:\/\/sibenik-meteo.hr\/index.php\/wp-json\/wp\/v2\/media?parent=6001"}],"wp:term":[{"taxonomy":"category","embeddable":true,"href":"https:\/\/sibenik-meteo.hr\/index.php\/wp-json\/wp\/v2\/categories?post=6001"},{"taxonomy":"post_tag","embeddable":true,"href":"https:\/\/sibenik-meteo.hr\/index.php\/wp-json\/wp\/v2\/tags?post=6001"}],"curies":[{"name":"wp","href":"https:\/\/api.w.org\/{rel}","templated":true}]}}