{"id":5962,"date":"2024-07-26T12:30:13","date_gmt":"2024-07-26T10:30:13","guid":{"rendered":"https:\/\/sibenik-meteo.hr\/?p=5962"},"modified":"2024-07-26T12:31:40","modified_gmt":"2024-07-26T10:31:40","slug":"bura-brutalno-rashladila-more-u-dubrovniku","status":"publish","type":"post","link":"https:\/\/sibenik-meteo.hr\/index.php\/2024\/07\/26\/bura-brutalno-rashladila-more-u-dubrovniku\/","title":{"rendered":"Bura brutalno rashladila more u Dubrovniku"},"content":{"rendered":"\n<p>Ako mislite da je samo \u0161ibensko podru\u010dje specifi\u010dno po naglom padu temperature mora za vrijeme ljetnih bura onda niste znali da je dubrova\u010dko tako\u0111er ili \u010dak za nijansu i gore.<\/p>\n\n\n\n<p>Jutros je na krajnjem jugu najgora situacija po pitanju temperature mora jer se ona spustila gotovo na proljetne vrijednosti. Slu\u017ebeni podaci od 8 sati pokazuju kako je temperatura mora u Dubrovniku \u2018pala\u2019 na svega 19.3 stupnjeva Celzijusa, a podsjetit \u0107emo kako je jo\u0161 pro\u0161log tjedna na tom podru\u010dju zabilje\u017een novi hrvatski rekord s temperaturom mora od 29.7 stupnjeva Celzijusa.<\/p>\n","protected":false},"excerpt":{"rendered":"<p>Ako mislite da je samo \u0161ibensko podru\u010dje specifi\u010dno po naglom padu temperature mora za vrijeme&#8230;<\/p>\n","protected":false},"author":1,"featured_media":5963,"comment_status":"closed","ping_status":"open","sticky":false,"template":"","format":"standard","meta":{"_monsterinsights_skip_tracking":false,"_monsterinsights_sitenote_active":false,"_monsterinsights_sitenote_note":"","_monsterinsights_sitenote_category":0,"footnotes":""},"categories":[10],"tags":[15,91,589,49,70],"class_list":["post-5962","post","type-post","status-publish","format-standard","has-post-thumbnail","hentry","category-hrvatska","tag-bura","tag-dubrovnik","tag-hladno-more","tag-jadran","tag-more"],"_links":{"self":[{"href":"https:\/\/sibenik-meteo.hr\/index.php\/wp-json\/wp\/v2\/posts\/5962","targetHints":{"allow":["GET"]}}],"collection":[{"href":"https:\/\/sibenik-meteo.hr\/index.php\/wp-json\/wp\/v2\/posts"}],"about":[{"href":"https:\/\/sibenik-meteo.hr\/index.php\/wp-json\/wp\/v2\/types\/post"}],"author":[{"embeddable":true,"href":"https:\/\/sibenik-meteo.hr\/index.php\/wp-json\/wp\/v2\/users\/1"}],"replies":[{"embeddable":true,"href":"https:\/\/sibenik-meteo.hr\/index.php\/wp-json\/wp\/v2\/comments?post=5962"}],"version-history":[{"count":2,"href":"https:\/\/sibenik-meteo.hr\/index.php\/wp-json\/wp\/v2\/posts\/5962\/revisions"}],"predecessor-version":[{"id":5965,"href":"https:\/\/sibenik-meteo.hr\/index.php\/wp-json\/wp\/v2\/posts\/5962\/revisions\/5965"}],"wp:featuredmedia":[{"embeddable":true,"href":"https:\/\/sibenik-meteo.hr\/index.php\/wp-json\/wp\/v2\/media\/5963"}],"wp:attachment":[{"href":"https:\/\/sibenik-meteo.hr\/index.php\/wp-json\/wp\/v2\/media?parent=5962"}],"wp:term":[{"taxonomy":"category","embeddable":true,"href":"https:\/\/sibenik-meteo.hr\/index.php\/wp-json\/wp\/v2\/categories?post=5962"},{"taxonomy":"post_tag","embeddable":true,"href":"https:\/\/sibenik-meteo.hr\/index.php\/wp-json\/wp\/v2\/tags?post=5962"}],"curies":[{"name":"wp","href":"https:\/\/api.w.org\/{rel}","templated":true}]}}