{"id":5901,"date":"2024-07-17T11:00:22","date_gmt":"2024-07-17T09:00:22","guid":{"rendered":"https:\/\/sibenik-meteo.hr\/?p=5901"},"modified":"2024-07-17T11:00:23","modified_gmt":"2024-07-17T09:00:23","slug":"narednih-dana-uz-vrucinu-raste-i-mogucnost-za-popodnevne-razvoje","status":"publish","type":"post","link":"https:\/\/sibenik-meteo.hr\/index.php\/2024\/07\/17\/narednih-dana-uz-vrucinu-raste-i-mogucnost-za-popodnevne-razvoje\/","title":{"rendered":"Narednih dana uz vru\u0107inu raste i mogu\u0107nost za popodnevne razvoje"},"content":{"rendered":"\n<p>Ve\u0107 danas od sredine dana u zale\u0111u se o\u010dekuje ja\u010di razvoj dnevne naoblake koji u posljepodnevnim satima mo\u017ee donijeti i poneki lokalni pljusak ili grmljavinsko nevrijeme, osobito nad planinskim masivima.<\/p>\n\n\n\n<p>Sutra iako \u0107e tako\u0111er do\u0107i do lokalnog razvoja naoblake zbog prolaznog ja\u010danja bure \u0161anasa za pljuskove \u0107e biti manja, a vru\u0107ina \u0107e na ovim prostorima imati svoj vrhunac. Zato od petka te osobito u subotu kada \u0107e tijekom dana zapuhati poja\u010dani vjetar s mora i to sjeverozapadnih smjerova ponovno se od sredine dana uz ja\u010de razvoje o\u010dekuju lokalna grmljavinska nevremena koja se u kasnim posljepodnevnim i ve\u010dernjim satima \u010dak mogu spustiti do dijela obale \u0161to su jutros prognosti\u010dki modeli uveli u svoju <a href=\"https:\/\/sibenik-meteo.hr\/index.php\/prognoza-za-sibenik\/\">prognozu<\/a>. <\/p>\n","protected":false},"excerpt":{"rendered":"<p>Ve\u0107 danas od sredine dana u zale\u0111u se o\u010dekuje ja\u010di razvoj dnevne naoblake koji u&#8230;<\/p>\n","protected":false},"author":1,"featured_media":3347,"comment_status":"closed","ping_status":"open","sticky":false,"template":"","format":"standard","meta":{"_monsterinsights_skip_tracking":false,"_monsterinsights_sitenote_active":false,"_monsterinsights_sitenote_note":"","_monsterinsights_sitenote_category":0,"footnotes":""},"categories":[10],"tags":[16,358,222,359,76],"class_list":["post-5901","post","type-post","status-publish","format-standard","has-post-thumbnail","hentry","category-hrvatska","tag-dalmacija","tag-grmljavinsko-nevrijeme","tag-lokalna-prognoza","tag-pljuskovi","tag-prognoza-vremena"],"_links":{"self":[{"href":"https:\/\/sibenik-meteo.hr\/index.php\/wp-json\/wp\/v2\/posts\/5901","targetHints":{"allow":["GET"]}}],"collection":[{"href":"https:\/\/sibenik-meteo.hr\/index.php\/wp-json\/wp\/v2\/posts"}],"about":[{"href":"https:\/\/sibenik-meteo.hr\/index.php\/wp-json\/wp\/v2\/types\/post"}],"author":[{"embeddable":true,"href":"https:\/\/sibenik-meteo.hr\/index.php\/wp-json\/wp\/v2\/users\/1"}],"replies":[{"embeddable":true,"href":"https:\/\/sibenik-meteo.hr\/index.php\/wp-json\/wp\/v2\/comments?post=5901"}],"version-history":[{"count":1,"href":"https:\/\/sibenik-meteo.hr\/index.php\/wp-json\/wp\/v2\/posts\/5901\/revisions"}],"predecessor-version":[{"id":5902,"href":"https:\/\/sibenik-meteo.hr\/index.php\/wp-json\/wp\/v2\/posts\/5901\/revisions\/5902"}],"wp:featuredmedia":[{"embeddable":true,"href":"https:\/\/sibenik-meteo.hr\/index.php\/wp-json\/wp\/v2\/media\/3347"}],"wp:attachment":[{"href":"https:\/\/sibenik-meteo.hr\/index.php\/wp-json\/wp\/v2\/media?parent=5901"}],"wp:term":[{"taxonomy":"category","embeddable":true,"href":"https:\/\/sibenik-meteo.hr\/index.php\/wp-json\/wp\/v2\/categories?post=5901"},{"taxonomy":"post_tag","embeddable":true,"href":"https:\/\/sibenik-meteo.hr\/index.php\/wp-json\/wp\/v2\/tags?post=5901"}],"curies":[{"name":"wp","href":"https:\/\/api.w.org\/{rel}","templated":true}]}}