{"id":586,"date":"2020-04-05T07:23:56","date_gmt":"2020-04-05T05:23:56","guid":{"rendered":"http:\/\/sibenik-meteo.hr\/?p=586"},"modified":"2020-04-05T07:23:57","modified_gmt":"2020-04-05T05:23:57","slug":"gori-suma-nedaleko-od-bivse-nuklearke-u-cernobilu-zracenje-otezava-gasenje","status":"publish","type":"post","link":"https:\/\/sibenik-meteo.hr\/index.php\/2020\/04\/05\/gori-suma-nedaleko-od-bivse-nuklearke-u-cernobilu-zracenje-otezava-gasenje\/","title":{"rendered":"Gori \u0161uma nedaleko od biv\u0161e nuklearke u \u010cernobilu. Zra\u010denje ote\u017eava ga\u0161enje"},"content":{"rendered":"\n<p>U zoni isklju\u010denja oko biv\u0161e nuklearne elektrane u \u010cernobilu gori \u0161uma, a napore vatrogasaca ote\u017eava porast radioaktivnog zra\u010denja, prenosi <a href=\"https:\/\/www.index.hr\/mobile\/clanak.aspx?category=vijesti&amp;id=2172186\">Index.<\/a><\/p>\n\n\n\n<p>Oko 90 vatrogasaca do\u0161lo je na intervenciju i poku\u0161ava ugasiti po\u017ear koji je zahvatio otprilike 20 hektara, priop\u0107ila je u subotu agencija za civilnu za\u0161titu u Kijevu.<\/p>\n\n\n\n<p>Dva zrakoplova i helikopter tako\u0111er su poslani na to podru\u010dje kako bi pomogli vatrogascima u ga\u0161enju.<\/p>\n\n\n\n<p>Radioaktivno zra\u010denje koje je jo\u0161 uvijek prisutno nakon nuklearne nesre\u0107e koja se dogodila 1986. ote\u017eava napore vatrogasaca, navodi agencija i dodaje da&nbsp;nema opasnosti za stanovni\u0161tvo.<\/p>\n","protected":false},"excerpt":{"rendered":"<p>U zoni isklju\u010denja oko biv\u0161e nuklearne elektrane u \u010cernobilu gori \u0161uma, a napore vatrogasaca ote\u017eava&#8230;<\/p>\n","protected":false},"author":1,"featured_media":587,"comment_status":"closed","ping_status":"open","sticky":false,"template":"","format":"standard","meta":{"_monsterinsights_skip_tracking":false,"_monsterinsights_sitenote_active":false,"_monsterinsights_sitenote_note":"","_monsterinsights_sitenote_category":0,"footnotes":""},"categories":[9],"tags":[],"class_list":["post-586","post","type-post","status-publish","format-standard","has-post-thumbnail","hentry","category-svijet"],"_links":{"self":[{"href":"https:\/\/sibenik-meteo.hr\/index.php\/wp-json\/wp\/v2\/posts\/586","targetHints":{"allow":["GET"]}}],"collection":[{"href":"https:\/\/sibenik-meteo.hr\/index.php\/wp-json\/wp\/v2\/posts"}],"about":[{"href":"https:\/\/sibenik-meteo.hr\/index.php\/wp-json\/wp\/v2\/types\/post"}],"author":[{"embeddable":true,"href":"https:\/\/sibenik-meteo.hr\/index.php\/wp-json\/wp\/v2\/users\/1"}],"replies":[{"embeddable":true,"href":"https:\/\/sibenik-meteo.hr\/index.php\/wp-json\/wp\/v2\/comments?post=586"}],"version-history":[{"count":1,"href":"https:\/\/sibenik-meteo.hr\/index.php\/wp-json\/wp\/v2\/posts\/586\/revisions"}],"predecessor-version":[{"id":588,"href":"https:\/\/sibenik-meteo.hr\/index.php\/wp-json\/wp\/v2\/posts\/586\/revisions\/588"}],"wp:featuredmedia":[{"embeddable":true,"href":"https:\/\/sibenik-meteo.hr\/index.php\/wp-json\/wp\/v2\/media\/587"}],"wp:attachment":[{"href":"https:\/\/sibenik-meteo.hr\/index.php\/wp-json\/wp\/v2\/media?parent=586"}],"wp:term":[{"taxonomy":"category","embeddable":true,"href":"https:\/\/sibenik-meteo.hr\/index.php\/wp-json\/wp\/v2\/categories?post=586"},{"taxonomy":"post_tag","embeddable":true,"href":"https:\/\/sibenik-meteo.hr\/index.php\/wp-json\/wp\/v2\/tags?post=586"}],"curies":[{"name":"wp","href":"https:\/\/api.w.org\/{rel}","templated":true}]}}