{"id":5859,"date":"2024-07-08T10:32:38","date_gmt":"2024-07-08T08:32:38","guid":{"rendered":"https:\/\/sibenik-meteo.hr\/?p=5859"},"modified":"2024-07-08T10:34:11","modified_gmt":"2024-07-08T08:34:11","slug":"kvaliteta-zraka-ovih-dana-na-granici-umjerene-i-lose","status":"publish","type":"post","link":"https:\/\/sibenik-meteo.hr\/index.php\/2024\/07\/08\/kvaliteta-zraka-ovih-dana-na-granici-umjerene-i-lose\/","title":{"rendered":"Kvaliteta zraka ovih dana na granici umjerene i lo\u0161e"},"content":{"rendered":"\n<p>Novo ju\u017eno strujanje koje osim vru\u0107ine donosi sa sobom i pove\u0107ene koncentracije saharskog pijeska jutros su zamjetno pokvarile kvalitetu zraka na \u0161ibenskom podru\u010dju koja je na sva \u010detri <a href=\"https:\/\/sibenik-meteo.hr\/index.php\/kvaliteta-zraka-air-quality\/\">senzora<\/a> postavljena u \u0160ibeniku u 7h prema EU EEA standardu bila na granici umjerenog i lo\u0161eg, a trenutno sredinom jutra izme\u0111u prihvatljivog i umjerenog.<\/p>\n\n\n\n<p>Prema prognosti\u010dkim modelima prisutnost saharskog pijeska u zraku u ve\u0107oj ili manjoj koncentraciji o\u010dekuje se cijelog tjedna pa bi se osobito osjetljive skupine gra\u0111ana, stariji i djeca, trebali pridr\u017eavati preporuka zdrastvenih djelatnika i prilagoditi svoje aktivnosti na otvorenom sukladno trenutnom stanju.<br><\/p>\n","protected":false},"excerpt":{"rendered":"<p>Novo ju\u017eno strujanje koje osim vru\u0107ine donosi sa sobom i pove\u0107ene koncentracije saharskog pijeska jutros&#8230;<\/p>\n","protected":false},"author":1,"featured_media":5406,"comment_status":"closed","ping_status":"open","sticky":false,"template":"","format":"standard","meta":{"_monsterinsights_skip_tracking":false,"_monsterinsights_sitenote_active":false,"_monsterinsights_sitenote_note":"","_monsterinsights_sitenote_category":0,"footnotes":""},"categories":[10],"tags":[585,337,375,382],"class_list":["post-5859","post","type-post","status-publish","format-standard","has-post-thumbnail","hentry","category-hrvatska","tag-kvaliteta-zraka","tag-saharski-pijesak","tag-senzor","tag-sibensko-kninska-zupanija"],"_links":{"self":[{"href":"https:\/\/sibenik-meteo.hr\/index.php\/wp-json\/wp\/v2\/posts\/5859","targetHints":{"allow":["GET"]}}],"collection":[{"href":"https:\/\/sibenik-meteo.hr\/index.php\/wp-json\/wp\/v2\/posts"}],"about":[{"href":"https:\/\/sibenik-meteo.hr\/index.php\/wp-json\/wp\/v2\/types\/post"}],"author":[{"embeddable":true,"href":"https:\/\/sibenik-meteo.hr\/index.php\/wp-json\/wp\/v2\/users\/1"}],"replies":[{"embeddable":true,"href":"https:\/\/sibenik-meteo.hr\/index.php\/wp-json\/wp\/v2\/comments?post=5859"}],"version-history":[{"count":2,"href":"https:\/\/sibenik-meteo.hr\/index.php\/wp-json\/wp\/v2\/posts\/5859\/revisions"}],"predecessor-version":[{"id":5861,"href":"https:\/\/sibenik-meteo.hr\/index.php\/wp-json\/wp\/v2\/posts\/5859\/revisions\/5861"}],"wp:featuredmedia":[{"embeddable":true,"href":"https:\/\/sibenik-meteo.hr\/index.php\/wp-json\/wp\/v2\/media\/5406"}],"wp:attachment":[{"href":"https:\/\/sibenik-meteo.hr\/index.php\/wp-json\/wp\/v2\/media?parent=5859"}],"wp:term":[{"taxonomy":"category","embeddable":true,"href":"https:\/\/sibenik-meteo.hr\/index.php\/wp-json\/wp\/v2\/categories?post=5859"},{"taxonomy":"post_tag","embeddable":true,"href":"https:\/\/sibenik-meteo.hr\/index.php\/wp-json\/wp\/v2\/tags?post=5859"}],"curies":[{"name":"wp","href":"https:\/\/api.w.org\/{rel}","templated":true}]}}