{"id":5832,"date":"2024-07-03T10:58:49","date_gmt":"2024-07-03T08:58:49","guid":{"rendered":"https:\/\/sibenik-meteo.hr\/?p=5832"},"modified":"2024-07-03T11:33:29","modified_gmt":"2024-07-03T09:33:29","slug":"bura-rashladila-more","status":"publish","type":"post","link":"https:\/\/sibenik-meteo.hr\/index.php\/2024\/07\/03\/bura-rashladila-more\/","title":{"rendered":"Bura rashladila more"},"content":{"rendered":"\n<p>Prva ja\u010da ovoljetna bura o\u010dekivano je drugog dana svog puhanja utjecala i na povr\u0161insku <a href=\"https:\/\/sibenik-meteo.hr\/index.php\/temperatura-mora\/\">temperaturu mora<\/a> koja se na nekim lokacijama u odnosu na prethodne dane spustila i za vi\u0161e od pet stupnjeva.<\/p>\n\n\n\n<p>Bura je topli povr\u0161inski sloj najvi\u0161e od obale odgurala na \u0161irem vodi\u010dkom podru\u010dju gdje ga je zamjenio onaj dublji i hladniji pa je jutros temperatura mora na tom podru\u010dju izme\u0111u 21 i 22\u00b0C. I na ostalim sondama prisutan je manji pad, najmanji naravno prema otocima.<\/p>\n\n\n\n<p>Najtoplije je i dalje u uvali Vrulja na Prokljanskom jezeru koja se ugrijala do gotovo 27 stupnjeva, a prethodnih dana temperatura povr\u0161inskog sloja bo\u0107ate vode pribli\u017eila se gotovo 30-tom stupnju.<\/p>\n","protected":false},"excerpt":{"rendered":"<p>Prva ja\u010da ovoljetna bura o\u010dekivano je drugog dana svog puhanja utjecala i na povr\u0161insku temperaturu&#8230;<\/p>\n","protected":false},"author":1,"featured_media":4529,"comment_status":"closed","ping_status":"open","sticky":false,"template":"","format":"standard","meta":{"_monsterinsights_skip_tracking":false,"_monsterinsights_sitenote_active":false,"_monsterinsights_sitenote_note":"","_monsterinsights_sitenote_category":0,"footnotes":""},"categories":[10],"tags":[15,61,382,355,128],"class_list":["post-5832","post","type-post","status-publish","format-standard","has-post-thumbnail","hentry","category-hrvatska","tag-bura","tag-sibenik","tag-sibensko-kninska-zupanija","tag-temperature-mora","tag-vodice"],"_links":{"self":[{"href":"https:\/\/sibenik-meteo.hr\/index.php\/wp-json\/wp\/v2\/posts\/5832","targetHints":{"allow":["GET"]}}],"collection":[{"href":"https:\/\/sibenik-meteo.hr\/index.php\/wp-json\/wp\/v2\/posts"}],"about":[{"href":"https:\/\/sibenik-meteo.hr\/index.php\/wp-json\/wp\/v2\/types\/post"}],"author":[{"embeddable":true,"href":"https:\/\/sibenik-meteo.hr\/index.php\/wp-json\/wp\/v2\/users\/1"}],"replies":[{"embeddable":true,"href":"https:\/\/sibenik-meteo.hr\/index.php\/wp-json\/wp\/v2\/comments?post=5832"}],"version-history":[{"count":3,"href":"https:\/\/sibenik-meteo.hr\/index.php\/wp-json\/wp\/v2\/posts\/5832\/revisions"}],"predecessor-version":[{"id":5835,"href":"https:\/\/sibenik-meteo.hr\/index.php\/wp-json\/wp\/v2\/posts\/5832\/revisions\/5835"}],"wp:featuredmedia":[{"embeddable":true,"href":"https:\/\/sibenik-meteo.hr\/index.php\/wp-json\/wp\/v2\/media\/4529"}],"wp:attachment":[{"href":"https:\/\/sibenik-meteo.hr\/index.php\/wp-json\/wp\/v2\/media?parent=5832"}],"wp:term":[{"taxonomy":"category","embeddable":true,"href":"https:\/\/sibenik-meteo.hr\/index.php\/wp-json\/wp\/v2\/categories?post=5832"},{"taxonomy":"post_tag","embeddable":true,"href":"https:\/\/sibenik-meteo.hr\/index.php\/wp-json\/wp\/v2\/tags?post=5832"}],"curies":[{"name":"wp","href":"https:\/\/api.w.org\/{rel}","templated":true}]}}