{"id":5827,"date":"2024-07-03T10:32:05","date_gmt":"2024-07-03T08:32:05","guid":{"rendered":"https:\/\/sibenik-meteo.hr\/?p=5827"},"modified":"2024-07-03T10:35:38","modified_gmt":"2024-07-03T08:35:38","slug":"cista-velika-ukljucena-u-mrezu-meteo-postaja","status":"publish","type":"post","link":"https:\/\/sibenik-meteo.hr\/index.php\/2024\/07\/03\/cista-velika-ukljucena-u-mrezu-meteo-postaja\/","title":{"rendered":"\u010cista Velika uklju\u010dena u mre\u017eu meteo postaja"},"content":{"rendered":"\n<p>Sredstvima koje je osigurao Grad Vodice za program udruge u 2024 godini u \u010cistoj Velikoj, u sklopu tamo\u0161nje O\u0160, instalirana je <a href=\"https:\/\/sibenik-meteo.hr\/index.php\/postaje\/\">automatska meteorolo\u0161ka postaja<\/a> koja \u0107e mje\u0161tanima ali i u\u010denicima osigurati precizne meteorolo\u0161ke podatke u gotovo realnom vremenu.<\/p>\n\n\n\n<p>Postaja ameri\u010dkog proizvo\u0111a\u010da Davis opremljena je osnovnim meteorolo\u0161kim senzorima za mjerenje temperature, vla\u017enosti i tlaka zraka, brzine i smjera vjetra te ki\u0161omjerom koji osigurava podatke o dnevnoj akumuliranoj koli\u010dini ki\u0161e kao i trenutni intenzitet oborina koji je posebno dobra informacija kod jakih pljuskova jer na osnovu njega se mo\u017ee zaklju\u010diti postoji li opasnost od pojave urbanih buji\u010dnih poplava.<\/p>\n\n\n\n<p>Oprema je postavljena u sklopu \u0161kolskog parka prema standardima WMO- Svjetske meteorolo\u0161ke organizacije, na propisanu visinu od 2 metra, a u planu je kroz neko vrijeme nadograditi i sa agrometeorolo\u0161kim senzorima.<\/p>\n\n\n\n<div class=\"wp-block-image\"><figure class=\"aligncenter\"><img loading=\"lazy\" decoding=\"async\" width=\"1024\" height=\"768\" src=\"https:\/\/sibenik-meteo.hr\/wp-content\/uploads\/2024\/07\/IMG_3030-1024x768.jpeg\" alt=\"\" class=\"wp-image-5829\" srcset=\"https:\/\/sibenik-meteo.hr\/wp-content\/uploads\/2024\/07\/IMG_3030-1024x768.jpeg 1024w, https:\/\/sibenik-meteo.hr\/wp-content\/uploads\/2024\/07\/IMG_3030-300x225.jpeg 300w, https:\/\/sibenik-meteo.hr\/wp-content\/uploads\/2024\/07\/IMG_3030-768x576.jpeg 768w, https:\/\/sibenik-meteo.hr\/wp-content\/uploads\/2024\/07\/IMG_3030.jpeg 1155w\" sizes=\"auto, (max-width: 1024px) 100vw, 1024px\" \/><\/figure><\/div>\n","protected":false},"excerpt":{"rendered":"<p>Sredstvima koje je osigurao Grad Vodice za program udruge u 2024 godini u \u010cistoj Velikoj,&#8230;<\/p>\n","protected":false},"author":1,"featured_media":5828,"comment_status":"closed","ping_status":"open","sticky":false,"template":"","format":"standard","meta":{"_monsterinsights_skip_tracking":false,"_monsterinsights_sitenote_active":false,"_monsterinsights_sitenote_note":"","_monsterinsights_sitenote_category":0,"footnotes":""},"categories":[10],"tags":[294,680,77,251,57,128],"class_list":["post-5827","post","type-post","status-publish","format-standard","has-post-thumbnail","hentry","category-hrvatska","tag-amp","tag-cista-velika","tag-hrvatska","tag-meteo-postaja","tag-sibenik-meteo","tag-vodice"],"_links":{"self":[{"href":"https:\/\/sibenik-meteo.hr\/index.php\/wp-json\/wp\/v2\/posts\/5827","targetHints":{"allow":["GET"]}}],"collection":[{"href":"https:\/\/sibenik-meteo.hr\/index.php\/wp-json\/wp\/v2\/posts"}],"about":[{"href":"https:\/\/sibenik-meteo.hr\/index.php\/wp-json\/wp\/v2\/types\/post"}],"author":[{"embeddable":true,"href":"https:\/\/sibenik-meteo.hr\/index.php\/wp-json\/wp\/v2\/users\/1"}],"replies":[{"embeddable":true,"href":"https:\/\/sibenik-meteo.hr\/index.php\/wp-json\/wp\/v2\/comments?post=5827"}],"version-history":[{"count":2,"href":"https:\/\/sibenik-meteo.hr\/index.php\/wp-json\/wp\/v2\/posts\/5827\/revisions"}],"predecessor-version":[{"id":5831,"href":"https:\/\/sibenik-meteo.hr\/index.php\/wp-json\/wp\/v2\/posts\/5827\/revisions\/5831"}],"wp:featuredmedia":[{"embeddable":true,"href":"https:\/\/sibenik-meteo.hr\/index.php\/wp-json\/wp\/v2\/media\/5828"}],"wp:attachment":[{"href":"https:\/\/sibenik-meteo.hr\/index.php\/wp-json\/wp\/v2\/media?parent=5827"}],"wp:term":[{"taxonomy":"category","embeddable":true,"href":"https:\/\/sibenik-meteo.hr\/index.php\/wp-json\/wp\/v2\/categories?post=5827"},{"taxonomy":"post_tag","embeddable":true,"href":"https:\/\/sibenik-meteo.hr\/index.php\/wp-json\/wp\/v2\/tags?post=5827"}],"curies":[{"name":"wp","href":"https:\/\/api.w.org\/{rel}","templated":true}]}}