{"id":5745,"date":"2024-06-24T11:01:48","date_gmt":"2024-06-24T09:01:48","guid":{"rendered":"https:\/\/sibenik-meteo.hr\/?p=5745"},"modified":"2024-06-24T11:01:48","modified_gmt":"2024-06-24T09:01:48","slug":"nestabilno-uz-cestu-pojavu-lokalnih-neverina","status":"publish","type":"post","link":"https:\/\/sibenik-meteo.hr\/index.php\/2024\/06\/24\/nestabilno-uz-cestu-pojavu-lokalnih-neverina\/","title":{"rendered":"Nestabilno uz \u010destu pojavu lokalnih neverina"},"content":{"rendered":"\n<p>Vrijeme se nakon prvog ovoljetnog toplinskog vala destabiliziralo pod utjecajem visinske ciklone koja \u0107e u ve\u0107em dijelu tjedna donijeti nestabilne vremenske prilike uz \u010destu izmjenu sun\u010danih i obla\u010dnih perioda te lokalne pljuskove pra\u0107ene grmljavinom, ponegdje i ja\u010de izra\u017eena nevremena.<\/p>\n\n\n\n<p>Osobito nestabilno \u0107e biti u prvom dijelu tjedna, odnosno tijekom srijede i \u010detvrtka iako se ve\u0107 i danas u zale\u0111u od sredine dana uz ja\u010di razvoj naoblake o\u010dekuje ki\u0161a i grmljavinski pljuskovi koji se lokalno u kasnim poslijepodnevnim satima mogu spustiti i do dijela obale. Sli\u010dne vremenske prilike prevladavati \u0107e i sutra iako je uz obalu manja vjerovatnost za pljuskove.<\/p>\n\n\n\n<p>Tijekom srijede i \u010detvrtka osim u zale\u0111u \u010deste grmljavine i neverina \u0107e biti i na moru, osobitu u no\u0107nim i jutarnjim satima.<\/p>\n\n\n\n<p>Od petka i u danima vikenda nastupiti \u0107e postupna stabilizacija vremena uz prete\u017eno sun\u010dano vrijeme.<\/p>\n\n\n\n<p>Vjetar \u0107e narednih dana biti uglavnom slab do umjeren i to \u010desto promjenjivih smjerova, a samo za lokalnih neveremena prolazno i poja\u010dan. Temperature zraka \u0107e nakon jutarnjih 22 do 25 stupnjeva tijekom dana porasti do vrijednosti od 27 do 32\u00b0C.<br><\/p>\n","protected":false},"excerpt":{"rendered":"<p>Vrijeme se nakon prvog ovoljetnog toplinskog vala destabiliziralo pod utjecajem visinske ciklone koja \u0107e u&#8230;<\/p>\n","protected":false},"author":1,"featured_media":3310,"comment_status":"closed","ping_status":"open","sticky":false,"template":"","format":"standard","meta":{"_monsterinsights_skip_tracking":false,"_monsterinsights_sitenote_active":false,"_monsterinsights_sitenote_note":"","_monsterinsights_sitenote_category":0,"footnotes":""},"categories":[3],"tags":[16,49,222,76,382,143],"class_list":["post-5745","post","type-post","status-publish","format-standard","has-post-thumbnail","hentry","category-lokalno-vrijeme","tag-dalmacija","tag-jadran","tag-lokalna-prognoza","tag-prognoza-vremena","tag-sibensko-kninska-zupanija","tag-tjedna-prognoza"],"_links":{"self":[{"href":"https:\/\/sibenik-meteo.hr\/index.php\/wp-json\/wp\/v2\/posts\/5745","targetHints":{"allow":["GET"]}}],"collection":[{"href":"https:\/\/sibenik-meteo.hr\/index.php\/wp-json\/wp\/v2\/posts"}],"about":[{"href":"https:\/\/sibenik-meteo.hr\/index.php\/wp-json\/wp\/v2\/types\/post"}],"author":[{"embeddable":true,"href":"https:\/\/sibenik-meteo.hr\/index.php\/wp-json\/wp\/v2\/users\/1"}],"replies":[{"embeddable":true,"href":"https:\/\/sibenik-meteo.hr\/index.php\/wp-json\/wp\/v2\/comments?post=5745"}],"version-history":[{"count":1,"href":"https:\/\/sibenik-meteo.hr\/index.php\/wp-json\/wp\/v2\/posts\/5745\/revisions"}],"predecessor-version":[{"id":5746,"href":"https:\/\/sibenik-meteo.hr\/index.php\/wp-json\/wp\/v2\/posts\/5745\/revisions\/5746"}],"wp:featuredmedia":[{"embeddable":true,"href":"https:\/\/sibenik-meteo.hr\/index.php\/wp-json\/wp\/v2\/media\/3310"}],"wp:attachment":[{"href":"https:\/\/sibenik-meteo.hr\/index.php\/wp-json\/wp\/v2\/media?parent=5745"}],"wp:term":[{"taxonomy":"category","embeddable":true,"href":"https:\/\/sibenik-meteo.hr\/index.php\/wp-json\/wp\/v2\/categories?post=5745"},{"taxonomy":"post_tag","embeddable":true,"href":"https:\/\/sibenik-meteo.hr\/index.php\/wp-json\/wp\/v2\/tags?post=5745"}],"curies":[{"name":"wp","href":"https:\/\/api.w.org\/{rel}","templated":true}]}}