{"id":5723,"date":"2024-06-18T09:20:06","date_gmt":"2024-06-18T07:20:06","guid":{"rendered":"https:\/\/sibenik-meteo.hr\/?p=5723"},"modified":"2024-06-18T09:20:07","modified_gmt":"2024-06-18T07:20:07","slug":"na-andama-za-24h-napadalo-metar-snijega","status":"publish","type":"post","link":"https:\/\/sibenik-meteo.hr\/index.php\/2024\/06\/18\/na-andama-za-24h-napadalo-metar-snijega\/","title":{"rendered":"Na Andama za 24h napadalo metar snijega"},"content":{"rendered":"\n<p>Dok se nedavno otvorena skijali\u0161ta u Australiji i na Novom Zelandu bore sa nedostatkom snje\u017enog pokriva\u010da diljem ju\u017enoameri\u010dkih odmarali\u0161ta u Argentini i \u010cileu vladaju sasvim druge vremenske prilike pa uz obilne snje\u017ene oborine neki od njih imaju vi\u0161e od metra snijega za samo 24 sata.<\/p>\n\n\n\n<p>Najnovije oborine na Andama i drugim planinskim dijelovima regije samo su nastavak izrazito hladnog i snje\u017enog vremena koji je pogodio ovaj dio svijeta, \u0161to je rezultiralo da u nekim skija\u0161kim sredi\u0161tima tjedan dana prije po\u010detka skija\u0161ke sezone ve\u0107 napadalo vi\u0161e od 3 metra snijega!<\/p>\n\n\n\n<p>Iz tog razloga ve\u0107ina skija\u0161kih odmarali\u0161ta u regiji otvorila je sezonu dva do pet tjedana ranije nego \u0161to je to uobi\u010dajno.<\/p>\n","protected":false},"excerpt":{"rendered":"<p>Dok se nedavno otvorena skijali\u0161ta u Australiji i na Novom Zelandu bore sa nedostatkom snje\u017enog&#8230;<\/p>\n","protected":false},"author":1,"featured_media":5724,"comment_status":"closed","ping_status":"open","sticky":false,"template":"","format":"standard","meta":{"_monsterinsights_skip_tracking":false,"_monsterinsights_sitenote_active":false,"_monsterinsights_sitenote_note":"","_monsterinsights_sitenote_category":0,"footnotes":""},"categories":[9],"tags":[669,393,668,24],"class_list":["post-5723","post","type-post","status-publish","format-standard","has-post-thumbnail","hentry","category-svijet","tag-ande","tag-cile","tag-juzna-amerika","tag-snijeg"],"_links":{"self":[{"href":"https:\/\/sibenik-meteo.hr\/index.php\/wp-json\/wp\/v2\/posts\/5723","targetHints":{"allow":["GET"]}}],"collection":[{"href":"https:\/\/sibenik-meteo.hr\/index.php\/wp-json\/wp\/v2\/posts"}],"about":[{"href":"https:\/\/sibenik-meteo.hr\/index.php\/wp-json\/wp\/v2\/types\/post"}],"author":[{"embeddable":true,"href":"https:\/\/sibenik-meteo.hr\/index.php\/wp-json\/wp\/v2\/users\/1"}],"replies":[{"embeddable":true,"href":"https:\/\/sibenik-meteo.hr\/index.php\/wp-json\/wp\/v2\/comments?post=5723"}],"version-history":[{"count":1,"href":"https:\/\/sibenik-meteo.hr\/index.php\/wp-json\/wp\/v2\/posts\/5723\/revisions"}],"predecessor-version":[{"id":5725,"href":"https:\/\/sibenik-meteo.hr\/index.php\/wp-json\/wp\/v2\/posts\/5723\/revisions\/5725"}],"wp:featuredmedia":[{"embeddable":true,"href":"https:\/\/sibenik-meteo.hr\/index.php\/wp-json\/wp\/v2\/media\/5724"}],"wp:attachment":[{"href":"https:\/\/sibenik-meteo.hr\/index.php\/wp-json\/wp\/v2\/media?parent=5723"}],"wp:term":[{"taxonomy":"category","embeddable":true,"href":"https:\/\/sibenik-meteo.hr\/index.php\/wp-json\/wp\/v2\/categories?post=5723"},{"taxonomy":"post_tag","embeddable":true,"href":"https:\/\/sibenik-meteo.hr\/index.php\/wp-json\/wp\/v2\/tags?post=5723"}],"curies":[{"name":"wp","href":"https:\/\/api.w.org\/{rel}","templated":true}]}}