{"id":5708,"date":"2024-06-14T10:43:10","date_gmt":"2024-06-14T08:43:10","guid":{"rendered":"https:\/\/sibenik-meteo.hr\/?p=5708"},"modified":"2024-06-14T10:43:11","modified_gmt":"2024-06-14T08:43:11","slug":"pocetak-duzeg-razdoblja-stabilnog-vremena","status":"publish","type":"post","link":"https:\/\/sibenik-meteo.hr\/index.php\/2024\/06\/14\/pocetak-duzeg-razdoblja-stabilnog-vremena\/","title":{"rendered":"Po\u010detak du\u017eeg razdoblja stabilnog vremena"},"content":{"rendered":"\n<p>Izrazito nestabilno vrijeme pra\u0107eno ki\u0161om, pljuskovima i neverinima je za nama, a anticiklonalni greben koji ja\u010da s Sredozemlja u danima vikenda pa i dalje tijekom narednog tjedna biti \u0107e garant stabilnog ljetnog i sve toplijeg vremena.<\/p>\n\n\n\n<p>Ve\u0107 danas na cijelom podru\u010dju prevladava prete\u017eno sun\u010dano i gotovo tiho vrijeme, a sli\u010dne vremenske prilike zadr\u017eati \u0107e se i u nastavku dana uz dnevni maksimalac koji \u0107e se popeti do 26 stupnjeva.<\/p>\n\n\n\n<p>Subota \u0107e u odnosu na nedjelju biti sun\u010danija ali generalno vikend \u0107e obilovati suna\u010danim satima i uz slabe vjetrove s mora temperature zraka \u0107e se nakon jutarnjih 20-tak stupnjeva tijekom dana penjati do 28, a u nedjelju ponegdje ve\u0107 vru\u0107ih 30\u00b0C.<br><\/p>\n\n\n\n<div class=\"wp-block-image\"><figure class=\"aligncenter\"><img loading=\"lazy\" decoding=\"async\" width=\"852\" height=\"640\" src=\"https:\/\/sibenik-meteo.hr\/wp-content\/uploads\/2024\/06\/Screenshot-2024-06-14-at-10-39-33-DHMZ-Dr\u017eavni-hidrometeorolo\u0161ki-zavod.png\" alt=\"\" class=\"wp-image-5709\" srcset=\"https:\/\/sibenik-meteo.hr\/wp-content\/uploads\/2024\/06\/Screenshot-2024-06-14-at-10-39-33-DHMZ-Dr\u017eavni-hidrometeorolo\u0161ki-zavod.png 852w, https:\/\/sibenik-meteo.hr\/wp-content\/uploads\/2024\/06\/Screenshot-2024-06-14-at-10-39-33-DHMZ-Dr\u017eavni-hidrometeorolo\u0161ki-zavod-300x225.png 300w, https:\/\/sibenik-meteo.hr\/wp-content\/uploads\/2024\/06\/Screenshot-2024-06-14-at-10-39-33-DHMZ-Dr\u017eavni-hidrometeorolo\u0161ki-zavod-768x577.png 768w\" sizes=\"auto, (max-width: 852px) 100vw, 852px\" \/><figcaption>Sinopti\u010dka situacija, izvor: DHMZ<\/figcaption><\/figure><\/div>\n","protected":false},"excerpt":{"rendered":"<p>Izrazito nestabilno vrijeme pra\u0107eno ki\u0161om, pljuskovima i neverinima je za nama, a anticiklonalni greben koji&#8230;<\/p>\n","protected":false},"author":1,"featured_media":4415,"comment_status":"closed","ping_status":"open","sticky":false,"template":"","format":"standard","meta":{"_monsterinsights_skip_tracking":false,"_monsterinsights_sitenote_active":false,"_monsterinsights_sitenote_note":"","_monsterinsights_sitenote_category":0,"footnotes":""},"categories":[3],"tags":[16,49,222,382,340],"class_list":["post-5708","post","type-post","status-publish","format-standard","has-post-thumbnail","hentry","category-lokalno-vrijeme","tag-dalmacija","tag-jadran","tag-lokalna-prognoza","tag-sibensko-kninska-zupanija","tag-vikend-prognoza"],"_links":{"self":[{"href":"https:\/\/sibenik-meteo.hr\/index.php\/wp-json\/wp\/v2\/posts\/5708","targetHints":{"allow":["GET"]}}],"collection":[{"href":"https:\/\/sibenik-meteo.hr\/index.php\/wp-json\/wp\/v2\/posts"}],"about":[{"href":"https:\/\/sibenik-meteo.hr\/index.php\/wp-json\/wp\/v2\/types\/post"}],"author":[{"embeddable":true,"href":"https:\/\/sibenik-meteo.hr\/index.php\/wp-json\/wp\/v2\/users\/1"}],"replies":[{"embeddable":true,"href":"https:\/\/sibenik-meteo.hr\/index.php\/wp-json\/wp\/v2\/comments?post=5708"}],"version-history":[{"count":1,"href":"https:\/\/sibenik-meteo.hr\/index.php\/wp-json\/wp\/v2\/posts\/5708\/revisions"}],"predecessor-version":[{"id":5710,"href":"https:\/\/sibenik-meteo.hr\/index.php\/wp-json\/wp\/v2\/posts\/5708\/revisions\/5710"}],"wp:featuredmedia":[{"embeddable":true,"href":"https:\/\/sibenik-meteo.hr\/index.php\/wp-json\/wp\/v2\/media\/4415"}],"wp:attachment":[{"href":"https:\/\/sibenik-meteo.hr\/index.php\/wp-json\/wp\/v2\/media?parent=5708"}],"wp:term":[{"taxonomy":"category","embeddable":true,"href":"https:\/\/sibenik-meteo.hr\/index.php\/wp-json\/wp\/v2\/categories?post=5708"},{"taxonomy":"post_tag","embeddable":true,"href":"https:\/\/sibenik-meteo.hr\/index.php\/wp-json\/wp\/v2\/tags?post=5708"}],"curies":[{"name":"wp","href":"https:\/\/api.w.org\/{rel}","templated":true}]}}