{"id":5638,"date":"2024-06-04T11:55:09","date_gmt":"2024-06-04T09:55:09","guid":{"rendered":"https:\/\/sibenik-meteo.hr\/?p=5638"},"modified":"2024-06-04T11:56:35","modified_gmt":"2024-06-04T09:56:35","slug":"nova-sonda-temperature-mora-u-vodicama","status":"publish","type":"post","link":"https:\/\/sibenik-meteo.hr\/index.php\/2024\/06\/04\/nova-sonda-temperature-mora-u-vodicama\/","title":{"rendered":"Nova sonda temperature mora u Vodicama"},"content":{"rendered":"\n<p>Ulaskom u ljeto pove\u0107ava se obim poslova oko odr\u017eavanja i postavljanja novih sondi temperature mora koje se nalaze u na\u0161em <a href=\"https:\/\/sibenik-meteo.hr\/index.php\/temperatura-mora\/\">sustavu<\/a>.<\/p>\n\n\n\n<p>Nakon obnove opreme u Jezerima na otoku Murteru ovih dana na red su do\u0161le i Vodice gdje je u portu prilikom postavljanja za\u0161titne mre\u017ee za kupa\u010de postavljena i nova mjerena pluta\u010da koja \u0107e osigurati to\u010dnost i kontinuitet mjerenja temperature mora na tom podru\u010dju.<\/p>\n\n\n\n<p>U najavi je skoro obnavljanje opreme na Martinskoj kao i uklju\u010denje nove dvije lokacije, Pirovac i Bilice Vrulje.<br><\/p>\n","protected":false},"excerpt":{"rendered":"<p>Ulaskom u ljeto pove\u0107ava se obim poslova oko odr\u017eavanja i postavljanja novih sondi temperature mora&#8230;<\/p>\n","protected":false},"author":1,"featured_media":4529,"comment_status":"closed","ping_status":"open","sticky":false,"template":"","format":"standard","meta":{"_monsterinsights_skip_tracking":false,"_monsterinsights_sitenote_active":false,"_monsterinsights_sitenote_note":"","_monsterinsights_sitenote_category":0,"footnotes":""},"categories":[10],"tags":[49,399,57,355],"class_list":["post-5638","post","type-post","status-publish","format-standard","has-post-thumbnail","hentry","category-hrvatska","tag-jadran","tag-plutaca","tag-sibenik-meteo","tag-temperature-mora"],"_links":{"self":[{"href":"https:\/\/sibenik-meteo.hr\/index.php\/wp-json\/wp\/v2\/posts\/5638","targetHints":{"allow":["GET"]}}],"collection":[{"href":"https:\/\/sibenik-meteo.hr\/index.php\/wp-json\/wp\/v2\/posts"}],"about":[{"href":"https:\/\/sibenik-meteo.hr\/index.php\/wp-json\/wp\/v2\/types\/post"}],"author":[{"embeddable":true,"href":"https:\/\/sibenik-meteo.hr\/index.php\/wp-json\/wp\/v2\/users\/1"}],"replies":[{"embeddable":true,"href":"https:\/\/sibenik-meteo.hr\/index.php\/wp-json\/wp\/v2\/comments?post=5638"}],"version-history":[{"count":1,"href":"https:\/\/sibenik-meteo.hr\/index.php\/wp-json\/wp\/v2\/posts\/5638\/revisions"}],"predecessor-version":[{"id":5639,"href":"https:\/\/sibenik-meteo.hr\/index.php\/wp-json\/wp\/v2\/posts\/5638\/revisions\/5639"}],"wp:featuredmedia":[{"embeddable":true,"href":"https:\/\/sibenik-meteo.hr\/index.php\/wp-json\/wp\/v2\/media\/4529"}],"wp:attachment":[{"href":"https:\/\/sibenik-meteo.hr\/index.php\/wp-json\/wp\/v2\/media?parent=5638"}],"wp:term":[{"taxonomy":"category","embeddable":true,"href":"https:\/\/sibenik-meteo.hr\/index.php\/wp-json\/wp\/v2\/categories?post=5638"},{"taxonomy":"post_tag","embeddable":true,"href":"https:\/\/sibenik-meteo.hr\/index.php\/wp-json\/wp\/v2\/tags?post=5638"}],"curies":[{"name":"wp","href":"https:\/\/api.w.org\/{rel}","templated":true}]}}