{"id":5635,"date":"2024-06-04T05:36:43","date_gmt":"2024-06-04T03:36:43","guid":{"rendered":"https:\/\/sibenik-meteo.hr\/?p=5635"},"modified":"2024-06-04T05:40:12","modified_gmt":"2024-06-04T03:40:12","slug":"jug-njemacke-bori-se-s-katastrofalnim-poplavama","status":"publish","type":"post","link":"https:\/\/sibenik-meteo.hr\/index.php\/2024\/06\/04\/jug-njemacke-bori-se-s-katastrofalnim-poplavama\/","title":{"rendered":"Jug Njema\u010dke bori se s katastrofalnim poplavama"},"content":{"rendered":"\n<p>Jug Njema\u010dke i dalje se bori s ekstremnim poplavama, a situacija se  dodatno pogor\u0161ala u najugro\u017eenijim saveznim pokrajinama  Bavarskoj i Baden-W\u00fcrttembergu. Vodostaj Dunava stalno raste, zbog \u010dega  je Regensburg, kao prvi ve\u0107i grad u Bavarskoj, proglasio stanje  katastrofe, prenosi <a href=\"https:\/\/vijesti.hrt.hr\/eu\/jug-njemacke-i-dalje-se-bori-s-katastrofalnim-poplavama-11586536\">HRT<\/a> i navodi da je na ugro\u017eenom podru\u010dju evakuirano oko 3000 ljudi.<\/p>\n\n\n\n<p> Obilne ki\u0161e ne prestaju padati od petka, a ponegdje je palo vi\u0161e ki\u0161e u 24 sata nego tijekom cijelog mjeseca.  Iako se iz pojedinih rukavaca Dunava poplave polako povla\u010de, zbog  pritjecanja velike koli\u010dine vode vodostaj rijeke raste. U Ebersbachu,  jugoisto\u010dno od Stuttgarta, pripremaju se nove evakuacije. Bavarska  o\u010dekuje da bi poplave pomogle potrajati do srijede ili \u010detvrtka. <\/p>\n\n\n\n<figure class=\"wp-block-embed-youtube aligncenter wp-block-embed is-type-video is-provider-youtube wp-embed-aspect-16-9 wp-has-aspect-ratio\"><div class=\"wp-block-embed__wrapper\">\n<iframe loading=\"lazy\" title=\"Poplave u Njema\u010dkoj nose sve pred sobom: Prijeti pucanje brane, ljude spa\u0161avaju helikopterima\" width=\"640\" height=\"360\" src=\"https:\/\/www.youtube.com\/embed\/Ne97aVuLAOY?feature=oembed\" frameborder=\"0\" allow=\"accelerometer; autoplay; clipboard-write; encrypted-media; gyroscope; picture-in-picture; web-share\" referrerpolicy=\"strict-origin-when-cross-origin\" allowfullscreen><\/iframe>\n<\/div><\/figure>\n","protected":false},"excerpt":{"rendered":"<p>Jug Njema\u010dke i dalje se bori s ekstremnim poplavama, a situacija se dodatno pogor\u0161ala u&#8230;<\/p>\n","protected":false},"author":1,"featured_media":5636,"comment_status":"closed","ping_status":"open","sticky":false,"template":"","format":"standard","meta":{"_monsterinsights_skip_tracking":false,"_monsterinsights_sitenote_active":false,"_monsterinsights_sitenote_note":"","_monsterinsights_sitenote_category":0,"footnotes":""},"categories":[11],"tags":[605,97,232,363,37],"class_list":["post-5635","post","type-post","status-publish","format-standard","has-post-thumbnail","hentry","category-europa","tag-bavarska","tag-ekstremne-vremenske-prilike","tag-europa","tag-njemacka","tag-poplave"],"_links":{"self":[{"href":"https:\/\/sibenik-meteo.hr\/index.php\/wp-json\/wp\/v2\/posts\/5635","targetHints":{"allow":["GET"]}}],"collection":[{"href":"https:\/\/sibenik-meteo.hr\/index.php\/wp-json\/wp\/v2\/posts"}],"about":[{"href":"https:\/\/sibenik-meteo.hr\/index.php\/wp-json\/wp\/v2\/types\/post"}],"author":[{"embeddable":true,"href":"https:\/\/sibenik-meteo.hr\/index.php\/wp-json\/wp\/v2\/users\/1"}],"replies":[{"embeddable":true,"href":"https:\/\/sibenik-meteo.hr\/index.php\/wp-json\/wp\/v2\/comments?post=5635"}],"version-history":[{"count":1,"href":"https:\/\/sibenik-meteo.hr\/index.php\/wp-json\/wp\/v2\/posts\/5635\/revisions"}],"predecessor-version":[{"id":5637,"href":"https:\/\/sibenik-meteo.hr\/index.php\/wp-json\/wp\/v2\/posts\/5635\/revisions\/5637"}],"wp:featuredmedia":[{"embeddable":true,"href":"https:\/\/sibenik-meteo.hr\/index.php\/wp-json\/wp\/v2\/media\/5636"}],"wp:attachment":[{"href":"https:\/\/sibenik-meteo.hr\/index.php\/wp-json\/wp\/v2\/media?parent=5635"}],"wp:term":[{"taxonomy":"category","embeddable":true,"href":"https:\/\/sibenik-meteo.hr\/index.php\/wp-json\/wp\/v2\/categories?post=5635"},{"taxonomy":"post_tag","embeddable":true,"href":"https:\/\/sibenik-meteo.hr\/index.php\/wp-json\/wp\/v2\/tags?post=5635"}],"curies":[{"name":"wp","href":"https:\/\/api.w.org\/{rel}","templated":true}]}}