{"id":5602,"date":"2024-05-23T06:13:16","date_gmt":"2024-05-23T04:13:16","guid":{"rendered":"https:\/\/sibenik-meteo.hr\/?p=5602"},"modified":"2024-05-23T06:13:16","modified_gmt":"2024-05-23T04:13:16","slug":"ciklona-se-popunjava-i-odmice-na-istok-slijede-stabilniji-dani","status":"publish","type":"post","link":"https:\/\/sibenik-meteo.hr\/index.php\/2024\/05\/23\/ciklona-se-popunjava-i-odmice-na-istok-slijede-stabilniji-dani\/","title":{"rendered":"Ciklona se popunjava i odmi\u010de na istok: Slijede stabilniji dani"},"content":{"rendered":"\n<p>Nestabilno vremensko razdoblje u kojem je osim ki\u0161e lokalno u kontinentalnom dijelu zemlje bilo i olujnog nevremena sa velikom materijalnom \u0161tetom kako ciklona slabi i udaljava se na istok polako zavr\u0161ava. Dalmacija je ovog puta bila po\u0161te\u0111ena izra\u017eenijeg nevremena, a oborinski gledano u odnosu na sjeverni Jadran i ostatak zemlje oborine su izuzev nekih lokalnih podru\u010dja i otvorenog mora bile skromne, ponegdje i simboli\u010dne.<\/p>\n\n\n\n<p>Ve\u0107 ju\u010der je uz prevladavaju\u0107i sjeverozapadnjak i zapadnjak prevladavalo djelomice do prete\u017eno sun\u010dano vrijeme, a nave\u010der na moru u smjeru juga premje\u0161tali su se neverini. Danas i narednih dana prevladavati \u0107e djelomice do prete\u017eno sun\u010dano vrijeme dok u danima vikenda uz ne\u0161to vi\u0161e visoke i srednje naoblake ne treba zanemariti i mogu\u0107nost za pojavu lokalnih dnevnih nestabilnosti i to osobito nad planinskim masivima u zale\u0111u koji se u nedjelju mogu spustiti i ni\u017ee prema obali.<\/p>\n\n\n\n<p>Uz slab do umjeren, u subotu prolazno na moru i jak sjeverozapadnjak i zapadnjak temperature zraka \u0107e biti ugodne i kretati se izme\u0111u 15 i 27\u00b0C.<\/p>\n\n\n\n<p><br><\/p>\n\n\n\n<div class=\"wp-block-image\"><figure class=\"aligncenter\"><img loading=\"lazy\" decoding=\"async\" width=\"720\" height=\"720\" src=\"https:\/\/sibenik-meteo.hr\/wp-content\/uploads\/2024\/05\/web_fronte_sutra12-1.jpg\" alt=\"\" class=\"wp-image-5603\" srcset=\"https:\/\/sibenik-meteo.hr\/wp-content\/uploads\/2024\/05\/web_fronte_sutra12-1.jpg 720w, https:\/\/sibenik-meteo.hr\/wp-content\/uploads\/2024\/05\/web_fronte_sutra12-1-150x150.jpg 150w, https:\/\/sibenik-meteo.hr\/wp-content\/uploads\/2024\/05\/web_fronte_sutra12-1-300x300.jpg 300w\" sizes=\"auto, (max-width: 720px) 100vw, 720px\" \/><\/figure><\/div>\n","protected":false},"excerpt":{"rendered":"<p>Nestabilno vremensko razdoblje u kojem je osim ki\u0161e lokalno u kontinentalnom dijelu zemlje bilo i&#8230;<\/p>\n","protected":false},"author":1,"featured_media":4877,"comment_status":"closed","ping_status":"open","sticky":false,"template":"","format":"standard","meta":{"_monsterinsights_skip_tracking":false,"_monsterinsights_sitenote_active":false,"_monsterinsights_sitenote_note":"","_monsterinsights_sitenote_category":0,"footnotes":""},"categories":[10],"tags":[16,77,49,76,382],"class_list":["post-5602","post","type-post","status-publish","format-standard","has-post-thumbnail","hentry","category-hrvatska","tag-dalmacija","tag-hrvatska","tag-jadran","tag-prognoza-vremena","tag-sibensko-kninska-zupanija"],"_links":{"self":[{"href":"https:\/\/sibenik-meteo.hr\/index.php\/wp-json\/wp\/v2\/posts\/5602","targetHints":{"allow":["GET"]}}],"collection":[{"href":"https:\/\/sibenik-meteo.hr\/index.php\/wp-json\/wp\/v2\/posts"}],"about":[{"href":"https:\/\/sibenik-meteo.hr\/index.php\/wp-json\/wp\/v2\/types\/post"}],"author":[{"embeddable":true,"href":"https:\/\/sibenik-meteo.hr\/index.php\/wp-json\/wp\/v2\/users\/1"}],"replies":[{"embeddable":true,"href":"https:\/\/sibenik-meteo.hr\/index.php\/wp-json\/wp\/v2\/comments?post=5602"}],"version-history":[{"count":1,"href":"https:\/\/sibenik-meteo.hr\/index.php\/wp-json\/wp\/v2\/posts\/5602\/revisions"}],"predecessor-version":[{"id":5604,"href":"https:\/\/sibenik-meteo.hr\/index.php\/wp-json\/wp\/v2\/posts\/5602\/revisions\/5604"}],"wp:featuredmedia":[{"embeddable":true,"href":"https:\/\/sibenik-meteo.hr\/index.php\/wp-json\/wp\/v2\/media\/4877"}],"wp:attachment":[{"href":"https:\/\/sibenik-meteo.hr\/index.php\/wp-json\/wp\/v2\/media?parent=5602"}],"wp:term":[{"taxonomy":"category","embeddable":true,"href":"https:\/\/sibenik-meteo.hr\/index.php\/wp-json\/wp\/v2\/categories?post=5602"},{"taxonomy":"post_tag","embeddable":true,"href":"https:\/\/sibenik-meteo.hr\/index.php\/wp-json\/wp\/v2\/tags?post=5602"}],"curies":[{"name":"wp","href":"https:\/\/api.w.org\/{rel}","templated":true}]}}