{"id":5586,"date":"2024-05-10T10:59:04","date_gmt":"2024-05-10T08:59:04","guid":{"rendered":"https:\/\/sibenik-meteo.hr\/?p=5586"},"modified":"2024-05-10T11:06:01","modified_gmt":"2024-05-10T09:06:01","slug":"vikend-stabilan-bura-u-slabljenju","status":"publish","type":"post","link":"https:\/\/sibenik-meteo.hr\/index.php\/2024\/05\/10\/vikend-stabilan-bura-u-slabljenju\/","title":{"rendered":"Vikend stabilan, bura u slabljenju"},"content":{"rendered":"\n<p>Nad Jadranom ja\u010da anticiklonalni greben, dok se plitka ciklona iznad Jonskog mora sporo popunjava i premje\u0161ta na istok \u0161to \u0107e u danima vikenda donijeti postupnu stablizaciju vremenskih prilika uz slabljenje bure i sve vi\u0161e sun\u010danih perioda.<\/p>\n\n\n\n<p>Nakon djelomice do prete\u017eno sun\u010danog jutra od sredine dana, kao i ju\u010der, na jugu i istoku \u0160ibensko-kninske \u017eupanije do\u0107i \u0107e do ponovno ja\u010deg razvoja naoblake te mogu\u0107nosti za lokalno slabe pljuskove. Uz umjerenu do umjereno jaku buru, na otvorenom moru i sjeverozapadnjak maksimalna dnevna temperatura zraka popeti \u0107e se do 27\u00b0C.<\/p>\n\n\n\n<p>U subotu uz obalu ve\u0107i dio dana prete\u017eno sun\u010dano, a u zale\u0111u od sredine dana umjeren razvoj dnevne naoblake mo\u017ee rezultirati ponekim slabim pljuskom i to uglavnom u sjevernom dijelu zale\u0111a oko masiva Svilaje i Dinare. Uz umjerenu buru, uz obalu poja\u010dan sjeverozapadnjak i zapadnjak dnevna temperature zraka kretati \u0107e se izme\u0111u 17 i 26\u00b0C.<\/p>\n\n\n\n<p>Vjetar \u0107e u nedjelju utihnuti i biti slab promjenjivih smjerova. Nakon djelomice do prete\u017eno sun\u010danog prvog dijela dana u zale\u0111u \u0107e do\u0107i do umjerenog razvoja dnevne naoblake, a prema ve\u010deri naoblaka \u0107e se navu\u0107i nad cijelo podru\u010dje. Temperature zraka bez ve\u0107e promjene u odnosu na prethodne dane.<br><\/p>\n","protected":false},"excerpt":{"rendered":"<p>Nad Jadranom ja\u010da anticiklonalni greben, dok se plitka ciklona iznad Jonskog mora sporo popunjava i&#8230;<\/p>\n","protected":false},"author":1,"featured_media":4826,"comment_status":"closed","ping_status":"open","sticky":false,"template":"","format":"standard","meta":{"_monsterinsights_skip_tracking":false,"_monsterinsights_sitenote_active":false,"_monsterinsights_sitenote_note":"","_monsterinsights_sitenote_category":0,"footnotes":""},"categories":[3],"tags":[222,76,382,340],"class_list":["post-5586","post","type-post","status-publish","format-standard","has-post-thumbnail","hentry","category-lokalno-vrijeme","tag-lokalna-prognoza","tag-prognoza-vremena","tag-sibensko-kninska-zupanija","tag-vikend-prognoza"],"_links":{"self":[{"href":"https:\/\/sibenik-meteo.hr\/index.php\/wp-json\/wp\/v2\/posts\/5586","targetHints":{"allow":["GET"]}}],"collection":[{"href":"https:\/\/sibenik-meteo.hr\/index.php\/wp-json\/wp\/v2\/posts"}],"about":[{"href":"https:\/\/sibenik-meteo.hr\/index.php\/wp-json\/wp\/v2\/types\/post"}],"author":[{"embeddable":true,"href":"https:\/\/sibenik-meteo.hr\/index.php\/wp-json\/wp\/v2\/users\/1"}],"replies":[{"embeddable":true,"href":"https:\/\/sibenik-meteo.hr\/index.php\/wp-json\/wp\/v2\/comments?post=5586"}],"version-history":[{"count":5,"href":"https:\/\/sibenik-meteo.hr\/index.php\/wp-json\/wp\/v2\/posts\/5586\/revisions"}],"predecessor-version":[{"id":5591,"href":"https:\/\/sibenik-meteo.hr\/index.php\/wp-json\/wp\/v2\/posts\/5586\/revisions\/5591"}],"wp:featuredmedia":[{"embeddable":true,"href":"https:\/\/sibenik-meteo.hr\/index.php\/wp-json\/wp\/v2\/media\/4826"}],"wp:attachment":[{"href":"https:\/\/sibenik-meteo.hr\/index.php\/wp-json\/wp\/v2\/media?parent=5586"}],"wp:term":[{"taxonomy":"category","embeddable":true,"href":"https:\/\/sibenik-meteo.hr\/index.php\/wp-json\/wp\/v2\/categories?post=5586"},{"taxonomy":"post_tag","embeddable":true,"href":"https:\/\/sibenik-meteo.hr\/index.php\/wp-json\/wp\/v2\/tags?post=5586"}],"curies":[{"name":"wp","href":"https:\/\/api.w.org\/{rel}","templated":true}]}}