{"id":5532,"date":"2024-04-16T09:24:47","date_gmt":"2024-04-16T07:24:47","guid":{"rendered":"https:\/\/sibenik-meteo.hr\/?p=5532"},"modified":"2024-04-16T09:24:48","modified_gmt":"2024-04-16T07:24:48","slug":"dhmz-danas-pravi-obrat-i-kraj-ljeta-u-proljecu","status":"publish","type":"post","link":"https:\/\/sibenik-meteo.hr\/index.php\/2024\/04\/16\/dhmz-danas-pravi-obrat-i-kraj-ljeta-u-proljecu\/","title":{"rendered":"DHMZ: Danas pravi obrat i kraj ljeta u prolje\u0107u"},"content":{"rendered":"\n<p>Nakon, u dosada\u0161njoj povijesti mjerenja, jedne od najtoplijih velja\u010da i o\u017eujka,  ponegdje \u010dak i rekordno toplih, temperatura zraka je i u prvoj polovini  travnja bila znatno iznad prosjeka za doba godine. No, iznimno toplom  vremenu sti\u017ee kraj. Naime danas na vrijeme u na\u0161im  krajevima sve ja\u010de \u0107e utjecati izra\u017eena termobari\u010dka dolina sa  sjeverozapada (slika 1.) s kojom \u0107e u utorak poslijepodne po visini  naglo sti\u0107i osjetno hladniji zrak, npr. na 1,5 km visine temperatura \u0107e  se u svega pola dana s oko 12 \u00b0C spustiti na 0 \u00b0C, navodi u priop\u0107enju <a href=\"https:\/\/meteo.hr\/objave_najave_natjecaji.php?section=onn&amp;param=objave&amp;el=priopcenja&amp;daj=pr15042024\">DHMZ<\/a>.<\/p>\n\n\n\n<div class=\"wp-block-image\"><figure class=\"aligncenter\"><img loading=\"lazy\" decoding=\"async\" width=\"910\" height=\"251\" src=\"https:\/\/sibenik-meteo.hr\/wp-content\/uploads\/2024\/04\/pr15042024_1.png\" alt=\"\" class=\"wp-image-5533\" srcset=\"https:\/\/sibenik-meteo.hr\/wp-content\/uploads\/2024\/04\/pr15042024_1.png 910w, https:\/\/sibenik-meteo.hr\/wp-content\/uploads\/2024\/04\/pr15042024_1-300x83.png 300w, https:\/\/sibenik-meteo.hr\/wp-content\/uploads\/2024\/04\/pr15042024_1-768x212.png 768w\" sizes=\"auto, (max-width: 910px) 100vw, 910px\" \/><figcaption> Slika 1. Temperatura (\u00b0C) i visina izobarne plohe (gpdam) AT 500 hPa za 16. travnja 2024. i 17. travnja u 12 UTC. Izvor: ECMWF       <\/figcaption><\/figure><\/div>\n\n\n\n<p>Pritom \u0107e se u prizemnom sloju stvarati ciklona sa sredi\u0161tem na sjeveru  Italije (slika 2.) \u010diji \u0107e se frontalni poreme\u0107aji preko Hrvatske  premje\u0161tati tijekom utorka i srijede.  <\/p>\n\n\n\n<div class=\"wp-block-image\"><figure class=\"aligncenter\"><img loading=\"lazy\" decoding=\"async\" width=\"600\" height=\"427\" src=\"https:\/\/sibenik-meteo.hr\/wp-content\/uploads\/2024\/04\/pr15042024_2.png\" alt=\"\" class=\"wp-image-5534\" srcset=\"https:\/\/sibenik-meteo.hr\/wp-content\/uploads\/2024\/04\/pr15042024_2.png 600w, https:\/\/sibenik-meteo.hr\/wp-content\/uploads\/2024\/04\/pr15042024_2-300x214.png 300w\" sizes=\"auto, (max-width: 600px) 100vw, 600px\" \/><figcaption> Slika 2. Prizemna sinopti\u010dka karta za utorak 16. travnja 2024. u 12 UTC Izvor: DWD      <\/figcaption><\/figure><\/div>\n\n\n\n<div class=\"wp-block-image\"><figure class=\"aligncenter\"><img loading=\"lazy\" decoding=\"async\" width=\"800\" height=\"574\" src=\"https:\/\/sibenik-meteo.hr\/wp-content\/uploads\/2024\/04\/pr15042024_3.png\" alt=\"\" class=\"wp-image-5535\" srcset=\"https:\/\/sibenik-meteo.hr\/wp-content\/uploads\/2024\/04\/pr15042024_3.png 800w, https:\/\/sibenik-meteo.hr\/wp-content\/uploads\/2024\/04\/pr15042024_3-300x215.png 300w, https:\/\/sibenik-meteo.hr\/wp-content\/uploads\/2024\/04\/pr15042024_3-768x551.png 768w\" sizes=\"auto, (max-width: 800px) 100vw, 800px\" \/><figcaption> Slika 3. Ukupna 24-satna koli\u010dina oborine (mm) za utorak 16. travnja 2024. Izvor: Aladin       <\/figcaption><\/figure><\/div>\n\n\n\n<p><strong>Izra\u017eeni pad temperature zraka<\/strong><\/p>\n\n\n\n<p>Stoga \u0107e druga polovina travnja po\u010deti uz promjenljivo, nestabilno i  osjetno hladnije vrijeme, osobito sredinom ovog tjedna. Primjerice, u  unutra\u0161njosti \u0107e najvi\u0161a dnevna temperatura u srijedu, 17. travnja biti  oko 11 \u00b0C.  Dakle, \u010dak dvadesetak stupnjeva ni\u017ee vrijednosti nego \u0161to su  bile  u nedjelju, 14. travnja kada su oboreni i neki travanjski rekordi, ali tako\u0111er i ispod prosje\u010dnih vrijednosti za navedeno razdoblje.<\/p>\n\n\n\n<p><strong>Ponegdje obilni pljuskovi<\/strong><\/p>\n\n\n\n<p>Povremeno \u0107e padati ki\u0161a, ponegdje vrlo vjerojatno i u obliku \nizra\u017eenijih te obilnijih pljuskova pra\u0107enih grmljavinom (slika 3.), u \nutorak u drugom dijelu dana ponajprije u unutra\u0161njosti i na sjevernom \nJadranu, a nave\u010der i tijekom srijede u Dalmaciji. Uz dotok hladnog zraka\n ki\u0161a \u0107e u utorak nave\u010der u gorju prelaziti u susnje\u017eicu i snijeg. Na \npodru\u010dju Gorske Hrvatske mjestimice se o\u010dekuje i stvaranje snje\u017enog \npokriva\u010da, poglavito u Gorskom kotaru ponegdje i vi\u0161eg od 10 cm (slika \n4.). Vrlo malo susnje\u017eice ili snijega prolazno je mogu\u0107e i u nekim \nnizinama sredi\u0161nje te isto\u010dne Hrvatske u no\u0107i na srijedu. <\/p>\n\n\n\n<div class=\"wp-block-image\"><figure class=\"aligncenter\"><img loading=\"lazy\" decoding=\"async\" width=\"800\" height=\"572\" src=\"https:\/\/sibenik-meteo.hr\/wp-content\/uploads\/2024\/04\/pr15042024_4.png\" alt=\"\" class=\"wp-image-5536\" srcset=\"https:\/\/sibenik-meteo.hr\/wp-content\/uploads\/2024\/04\/pr15042024_4.png 800w, https:\/\/sibenik-meteo.hr\/wp-content\/uploads\/2024\/04\/pr15042024_4-300x215.png 300w, https:\/\/sibenik-meteo.hr\/wp-content\/uploads\/2024\/04\/pr15042024_4-768x549.png 768w\" sizes=\"auto, (max-width: 800px) 100vw, 800px\" \/><figcaption> Slika 4. Debljina snje\u017enog pokriva\u010da do \u010detvrtka 17. travnja 2024. u 06 UTC. Izvor: ECMWF <\/figcaption><\/figure><\/div>\n\n\n\n<p><strong>Vjetar okre\u0107e na sjeverne smjerove<\/strong><\/p>\n\n\n\n<p>Vjetar \u0107e u unutra\u0161njosti okrenuti na sjeverni i sjeveroisto\u010dni, u \nutorak prolazno i jak, mjestimice s olujnim udarima. Na Jadranu pak \numjereno i jako jugo u utorak nave\u010der najprije na sjevernom dijelu, \nokre\u0107e na buru, jaku i olujnu, osobito podno Velebita lokalno i s \norkanskim udarima (slika 5.). U srijedu \u0107e se bura pro\u0161iriti du\u017e obale \nte \u0107e i na cijelom Jadranu osjetno osvje\u017eiti, a na otvorenom moru \nzapuhat \u0107e jak sjeverozapadnjak.  <\/p>\n\n\n\n<div class=\"wp-block-image\"><figure class=\"aligncenter\"><img loading=\"lazy\" decoding=\"async\" width=\"910\" height=\"323\" src=\"https:\/\/sibenik-meteo.hr\/wp-content\/uploads\/2024\/04\/pr15042024_5.png\" alt=\"\" class=\"wp-image-5537\" srcset=\"https:\/\/sibenik-meteo.hr\/wp-content\/uploads\/2024\/04\/pr15042024_5.png 910w, https:\/\/sibenik-meteo.hr\/wp-content\/uploads\/2024\/04\/pr15042024_5-300x106.png 300w, https:\/\/sibenik-meteo.hr\/wp-content\/uploads\/2024\/04\/pr15042024_5-768x273.png 768w\" sizes=\"auto, (max-width: 910px) 100vw, 910px\" \/><figcaption> Slika 5. Udari vjetra (m\/s) u srijedu 16. travnja 2024. u 14 i 20 UTC. Izvor: Aladin       <\/figcaption><\/figure><\/div>\n\n\n\n<p><strong>Od \u010detvrtka vrijeme primjerenije dobu godine<\/strong><\/p>\n\n\n\n<p>U \u010detvrtak \u0107e vjetar oslabjeti, no temperatura primjerenija dobu \ngodine zadr\u017eat \u0107e se barem do polovine idu\u0107eg tjedna (slika 6.). Uz \ndjelomi\u010dno razvedravanje od petka, ponajprije po kotlinama Gorske \nHrvatske najni\u017ea jutarnja temperatura zraka bit \u0107e oko 0 \u00b0C, stoga je \nmogu\u0107 i mraz pri tlu.<\/p>\n\n\n\n<div class=\"wp-block-image\"><figure class=\"aligncenter\"><img loading=\"lazy\" decoding=\"async\" width=\"800\" height=\"273\" src=\"https:\/\/sibenik-meteo.hr\/wp-content\/uploads\/2024\/04\/pr15042024_6.png\" alt=\"\" class=\"wp-image-5538\" srcset=\"https:\/\/sibenik-meteo.hr\/wp-content\/uploads\/2024\/04\/pr15042024_6.png 800w, https:\/\/sibenik-meteo.hr\/wp-content\/uploads\/2024\/04\/pr15042024_6-300x102.png 300w, https:\/\/sibenik-meteo.hr\/wp-content\/uploads\/2024\/04\/pr15042024_6-768x262.png 768w\" sizes=\"auto, (max-width: 800px) 100vw, 800px\" \/><figcaption> Slika 6. ECMWF modelska prognoza temperature (\u00b0C) na 2 metra visine za  Zagreb u razdoblju od 14. travnja u 12 UTC do 24. travnja 2024. u 12 UTC  &#8211; izra\u010dun 50 \u010dlanova ansambla. Rasap pokazuje pouzdanost prognoze.      <\/figcaption><\/figure><\/div>\n","protected":false},"excerpt":{"rendered":"<p>Nakon, u dosada\u0161njoj povijesti mjerenja, jedne od najtoplijih velja\u010da i o\u017eujka, ponegdje \u010dak i rekordno&#8230;<\/p>\n","protected":false},"author":1,"featured_media":3466,"comment_status":"closed","ping_status":"open","sticky":false,"template":"","format":"standard","meta":{"_monsterinsights_skip_tracking":false,"_monsterinsights_sitenote_active":false,"_monsterinsights_sitenote_note":"","_monsterinsights_sitenote_category":0,"footnotes":""},"categories":[10],"tags":[50,97,77,96,51],"class_list":["post-5532","post","type-post","status-publish","format-standard","has-post-thumbnail","hentry","category-hrvatska","tag-dhmz","tag-ekstremne-vremenske-prilike","tag-hrvatska","tag-nevrijeme","tag-priopcenje"],"_links":{"self":[{"href":"https:\/\/sibenik-meteo.hr\/index.php\/wp-json\/wp\/v2\/posts\/5532","targetHints":{"allow":["GET"]}}],"collection":[{"href":"https:\/\/sibenik-meteo.hr\/index.php\/wp-json\/wp\/v2\/posts"}],"about":[{"href":"https:\/\/sibenik-meteo.hr\/index.php\/wp-json\/wp\/v2\/types\/post"}],"author":[{"embeddable":true,"href":"https:\/\/sibenik-meteo.hr\/index.php\/wp-json\/wp\/v2\/users\/1"}],"replies":[{"embeddable":true,"href":"https:\/\/sibenik-meteo.hr\/index.php\/wp-json\/wp\/v2\/comments?post=5532"}],"version-history":[{"count":1,"href":"https:\/\/sibenik-meteo.hr\/index.php\/wp-json\/wp\/v2\/posts\/5532\/revisions"}],"predecessor-version":[{"id":5539,"href":"https:\/\/sibenik-meteo.hr\/index.php\/wp-json\/wp\/v2\/posts\/5532\/revisions\/5539"}],"wp:featuredmedia":[{"embeddable":true,"href":"https:\/\/sibenik-meteo.hr\/index.php\/wp-json\/wp\/v2\/media\/3466"}],"wp:attachment":[{"href":"https:\/\/sibenik-meteo.hr\/index.php\/wp-json\/wp\/v2\/media?parent=5532"}],"wp:term":[{"taxonomy":"category","embeddable":true,"href":"https:\/\/sibenik-meteo.hr\/index.php\/wp-json\/wp\/v2\/categories?post=5532"},{"taxonomy":"post_tag","embeddable":true,"href":"https:\/\/sibenik-meteo.hr\/index.php\/wp-json\/wp\/v2\/tags?post=5532"}],"curies":[{"name":"wp","href":"https:\/\/api.w.org\/{rel}","templated":true}]}}