{"id":5498,"date":"2024-04-01T10:35:38","date_gmt":"2024-04-01T08:35:38","guid":{"rendered":"https:\/\/sibenik-meteo.hr\/?p=5498"},"modified":"2024-04-01T10:38:12","modified_gmt":"2024-04-01T08:38:12","slug":"vecerasnjim-sijunom-zavrsava-period-izrazene-juzine","status":"publish","type":"post","link":"https:\/\/sibenik-meteo.hr\/index.php\/2024\/04\/01\/vecerasnjim-sijunom-zavrsava-period-izrazene-juzine\/","title":{"rendered":"Ve\u010dera\u0161njim \u0161ijunom zavr\u0161ava period izra\u017eene ju\u017eine"},"content":{"rendered":"\n<p>Sa sjeverozapada kontinenta Jadranu se pribli\u017eava dolina s frontalnim sustavom \u010dijim prolazom u ve\u010dernjim satima zavr\u0161ava period vi\u0161ednevne ju\u017eine koja je osim vjetrovitog vremena donijela i velike koli\u010dine saharskog pijeska koji je u kombinaciji sa borovim peludom smanjio vidljivost i donio lo\u0161e biometeorolo\u0161e prilike. I dok je uz obalu more donekle rashladilo temperature zraka one su na istoku zemlje sko\u010dile do ljetnih vrijednosti pri \u010demu su oboreni i pojedini temperaturni rekordi najvi\u0161ih maksimalnih izmjerenih temperatura zraka za o\u017eujak.<\/p>\n\n\n\n<p>Jugo \u0107e u prijepodnevnim i ranim poslijepodnevnim satima uz obalu imati udare i do 80, a na moru i 100km\/h pa je za ve\u0107i dio Dalmacije na snazi visoko naran\u010dasto vremensko upozorenje. Nakon djelomice sun\u010danog vremena poslijepodne \u0107e se sa zapada ja\u010de naobla\u010diti, a tijekom ve\u010deri o\u010dekuje se i premje\u0161tanje glavnine sustava. Pri tome osim ki\u0161e i pljuskova lokalno mo\u017ee biti i grmljavinskog nevremena, a jako jugo uz prolazni \u0161ijun okrenuti \u0107e na jak sjeverozapadnjak i zapadnjak koji \u0107e u nastavku ve\u010deri i no\u0107i oslabiti. Temperature zraka i danas iznadprosjeka za doba godine i bez ve\u0107e promjene u odnosu na prethodne dane, odnosno kretati \u0107e se izme\u0111u 20 i 24\u00b0C. Nave\u010der i tijekom no\u0107i osvje\u017eiti \u0107e uz pad temperature zraka na 12\u00b0C.<\/p>\n\n\n\n<p>Utorak \u0107e donijeti stabilizaciju vremenskih prilika uz djelomice do prete\u017eno sun\u010dano vrijeme. Prolazno vi\u0161e naoblake ali bez oborina ponovno se o\u010dekuje u srijedu, a zatim u nastavku tjedna uz povi\u0161ene vrijednosti tlaka zraka stabilno i djelomice do prete\u017eno sun\u010dano vrijeme. Nakon perioda vjetrovitog vremena vjetar \u0107e se u narednim danima primiriti i biti slab do umjeren promjenjivih ili ju\u017enih smjerova \u0161to \u0107e rezultirati i ugodnim proljetnim temperaturama zraka koje \u0107e imati vrijednosti izme\u0111u 12 i 22\u00b0C.<\/p>\n","protected":false},"excerpt":{"rendered":"<p>Sa sjeverozapada kontinenta Jadranu se pribli\u017eava dolina s frontalnim sustavom \u010dijim prolazom u ve\u010dernjim satima&#8230;<\/p>\n","protected":false},"author":1,"featured_media":5499,"comment_status":"closed","ping_status":"open","sticky":false,"template":"","format":"standard","meta":{"_monsterinsights_skip_tracking":false,"_monsterinsights_sitenote_active":false,"_monsterinsights_sitenote_note":"","_monsterinsights_sitenote_category":0,"footnotes":""},"categories":[3],"tags":[49,222,76,382,541,143],"class_list":["post-5498","post","type-post","status-publish","format-standard","has-post-thumbnail","hentry","category-lokalno-vrijeme","tag-jadran","tag-lokalna-prognoza","tag-prognoza-vremena","tag-sibensko-kninska-zupanija","tag-sjeverna-dalmacija","tag-tjedna-prognoza"],"_links":{"self":[{"href":"https:\/\/sibenik-meteo.hr\/index.php\/wp-json\/wp\/v2\/posts\/5498","targetHints":{"allow":["GET"]}}],"collection":[{"href":"https:\/\/sibenik-meteo.hr\/index.php\/wp-json\/wp\/v2\/posts"}],"about":[{"href":"https:\/\/sibenik-meteo.hr\/index.php\/wp-json\/wp\/v2\/types\/post"}],"author":[{"embeddable":true,"href":"https:\/\/sibenik-meteo.hr\/index.php\/wp-json\/wp\/v2\/users\/1"}],"replies":[{"embeddable":true,"href":"https:\/\/sibenik-meteo.hr\/index.php\/wp-json\/wp\/v2\/comments?post=5498"}],"version-history":[{"count":2,"href":"https:\/\/sibenik-meteo.hr\/index.php\/wp-json\/wp\/v2\/posts\/5498\/revisions"}],"predecessor-version":[{"id":5501,"href":"https:\/\/sibenik-meteo.hr\/index.php\/wp-json\/wp\/v2\/posts\/5498\/revisions\/5501"}],"wp:featuredmedia":[{"embeddable":true,"href":"https:\/\/sibenik-meteo.hr\/index.php\/wp-json\/wp\/v2\/media\/5499"}],"wp:attachment":[{"href":"https:\/\/sibenik-meteo.hr\/index.php\/wp-json\/wp\/v2\/media?parent=5498"}],"wp:term":[{"taxonomy":"category","embeddable":true,"href":"https:\/\/sibenik-meteo.hr\/index.php\/wp-json\/wp\/v2\/categories?post=5498"},{"taxonomy":"post_tag","embeddable":true,"href":"https:\/\/sibenik-meteo.hr\/index.php\/wp-json\/wp\/v2\/tags?post=5498"}],"curies":[{"name":"wp","href":"https:\/\/api.w.org\/{rel}","templated":true}]}}