{"id":5482,"date":"2024-03-22T08:16:22","date_gmt":"2024-03-22T07:16:22","guid":{"rendered":"https:\/\/sibenik-meteo.hr\/?p=5482"},"modified":"2024-03-23T10:28:31","modified_gmt":"2024-03-23T09:28:31","slug":"zivoti-buducih-generacija-u-nasim-su-rukama","status":"publish","type":"post","link":"https:\/\/sibenik-meteo.hr\/index.php\/2024\/03\/22\/zivoti-buducih-generacija-u-nasim-su-rukama\/","title":{"rendered":"\u017divoti budu\u0107ih generacija u na\u0161im su rukama"},"content":{"rendered":"\n<p>Kao \u0161to znate, ovo je moj prvi Svjetski meteorolo\u0161ki dan na mjestu  glavne tajnice Svjetske meteorolo\u0161ke organizacije. Prije toga sam bila  uklju\u010dena u aktivnosti koje su se povodom tog dana organizirale u  Argentinskom meteorolo\u0161kom zavodu jer je taj dan jedinstvena prilika za  podizanje osvije\u0161tenosti o tome tko smo te \u010dime se bavimo i za\u0161to, zapo\u010dela je svoje priop\u0107enje nova glavna tajnica WMO-a Celeste Saulo povodom obljetnice Svjetskog meteorolo\u0161kog dana koji se obilje\u017eava 23 o\u017eujka u spomen na osnutak te organizacije 1950 godine u \u017denevi.<\/p>\n\n\n\n<p>Nacionalne meteorolo\u0161ke i hidrolo\u0161ke slu\u017ebe koje \u010dine WMO, klju\u010dni su  igra\u010di u na\u0161oj borbi protiv klimatskih promjena. WMO-ova zajednica  osigurava i instrumente i znanja potrebne i za ubla\u017eavanje klimatskih promjena i za prilagodbu klimatskim promjenama. Stoga je prikladno da tema koju smo odabrali za ovogodi\u0161nji Svjetski meteorolo\u0161ki dan glasi <em>Predani klimatski akciji<\/em>.  Klimatska akcija za razli\u010dite ljude ima razli\u010dita zna\u010denja, ali se svi  sla\u017eu oko njezine nu\u017enosti. I hitnosti. Taj se poziv odnosi na sve. Svi  moramo djelovati u istom smjeru. <\/p>\n\n\n\n<p>Na\u0161e meteorolo\u0161ke i hidrolo\u0161ke zajednice prikupljaju, distribuiraju i\n analiziraju podatke o vremenu, vodama i okoli\u0161u. Ti podaci \u010dine osnovu \nza razumijevanje aktualnih zbivanja povezanih s klimom i na\u010dina kako se \nona mijenja. Da bismo ne\u010dime mogli upravljati, potrebna su nam mjerenja.\n  <\/p>\n\n\n\n<p>WMO je u idealnom polo\u017eaju za to. Ponosimo se na\u0161om tradicijom u  razmjeni podataka i najboljih praksi koja traje ve\u0107 preko 150 godina. To  je na\u0161a snaga. Ona je temelj na kojem gradimo na\u0161a nastojanja da  pru\u017eimo informacije za pomo\u0107 u prilagodbi klimatskim promjenama. Iz tog  smo razloga pokrenuli program pod nazivom Globalni program promatranja stakleni\u010dkih plinova (Global Greenhouse Gas Watch, G3W).  Potrebno nam je vi\u0161e mjerenja za potporu u dono\u0161enju odluka i  klimatskoj akciji.  Me\u0111utim, ubla\u017eavanje klimatskih promjena nije  dovoljno.<\/p>\n\n\n\n<p>Prilagodba je nu\u017enost. Za mnoge je to pitanje \u017eivota i smrti.  Meteorolo\u0161kih i hidrolo\u0161kim slu\u017ebama diljem svijeta prioritet je rad na  unapre\u0111enju sustava ranog upozoravanja koji su od klju\u010dne va\u017enosti za  prilagodbu klimatskim promjenama i smanjenje rizika od katastrofa.  Me\u0111utim, mnoge dr\u017eave danas nisu u mogu\u0107nosti objavljivati ta rana  upozorenja kako bi za\u0161titile svoje stanovnike. Zato smo kao \u010dlanica  globalne zajednice pokrenuli inicijativu pod nazivom Rana upozorenja za sve (Early Warnings for All).  Svaki stanovnik Zemlje mora imati pristup pravovremenim i mjerodavnim  informacijama o vremenu i klimatskim rizicima koje spa\u0161avaju \u017eivote do  kraja 2027.<\/p>\n\n\n\n<p>Klima i vrijeme utje\u010du na gotovo sve djelatnosti. Na primjer, na \nsustave obnovljive energije, uklju\u010duju\u0107i energiju sunca i vjetra i \nhidroenergiju, poljoprivrednu proizvodnju, ribarstvo, promet i zdravlje.\n Informacije o vremenu i klimi pokreta\u010d su gospodarskog rasta. Moramo \nvi\u0161e poraditi na preoblikovanju klimatske znanosti u usluge, a te \nklimatske usluge moraju postati pristupa\u010dnije i moramo se njima \nu\u010dinkovitije koristiti.<\/p>\n\n\n\n<p>Na Svjetski meteorolo\u0161ki dan u sredi\u0161tu pozornosti su nacionalne \nmeteorolo\u0161ke i hidrolo\u0161ke slu\u017ebe. One imaju klju\u010dnu ulogu u smanjenju \nrizika, razvoju, prilagodbi klimatskim promjenama, ubla\u017eavanju \nklimatskih promjena i odr\u017eivosti. Njihova stru\u010dna znanja moraju se uzeti\n u obzir u politikama klimatske akcije koje se donose na visokoj razini.\n U ulozi glavne tajnice WMO-a predano sura\u0111ujem sa svim nacionalnim \nmeteorolo\u0161kim i hidrolo\u0161kim slu\u017ebama kako bi taj ciklus vrijednosti imao\n utjecaj na nacionalnoj, regionalnoj i globalnoj razini. Tu se radi o \npoticanju uklju\u010divosti i odr\u017eivih puteva. Dok se suo\u010davamo s \nnezapam\u0107enim izazovima u okoli\u0161u, na\u0161a se uloga ne svodi na puke \npromatra\u010de. <\/p>\n\n\n\n<p>Na\u0161e djelovanje mora biti pokreta\u010d klju\u010dnih promjena. Na\u0161a uloga \nznanstvenika i za\u0161titnika planeta nikad nije bila va\u017enija. \u017divoti \nbudu\u0107ih generacija u na\u0161im su rukama. <\/p>\n\n\n\n<p>Na\u0161im dana\u0161njim naporima posti\u0107i \u0107emo sigurniji i zdraviji svijet za \nbudu\u0107e nara\u0161taje, svijet u kojem \u0107e djeca \u017eivjeti u blagostanju u skladu\n s prirodom. <\/p>\n\n\n\n<p>Zajedno iskori\u0161tavamo snagu na\u0161eg kolektivnog stru\u010dnog znanja i \npredani smo klimatskoj akciji za op\u0107e dobro te oblikujemo otpornu \nbudu\u0107nost.<\/p>\n","protected":false},"excerpt":{"rendered":"<p>Kao \u0161to znate, ovo je moj prvi Svjetski meteorolo\u0161ki dan na mjestu glavne tajnice Svjetske&#8230;<\/p>\n","protected":false},"author":1,"featured_media":5483,"comment_status":"closed","ping_status":"open","sticky":false,"template":"","format":"standard","meta":{"_monsterinsights_skip_tracking":false,"_monsterinsights_sitenote_active":false,"_monsterinsights_sitenote_note":"","_monsterinsights_sitenote_category":0,"footnotes":""},"categories":[9],"tags":[650,654,50,653,313],"class_list":["post-5482","post","type-post","status-publish","format-standard","has-post-thumbnail","hentry","category-svijet","tag-650","tag-celeste-saulo","tag-dhmz","tag-svjetski-meteoroloski-dan","tag-wmo"],"_links":{"self":[{"href":"https:\/\/sibenik-meteo.hr\/index.php\/wp-json\/wp\/v2\/posts\/5482","targetHints":{"allow":["GET"]}}],"collection":[{"href":"https:\/\/sibenik-meteo.hr\/index.php\/wp-json\/wp\/v2\/posts"}],"about":[{"href":"https:\/\/sibenik-meteo.hr\/index.php\/wp-json\/wp\/v2\/types\/post"}],"author":[{"embeddable":true,"href":"https:\/\/sibenik-meteo.hr\/index.php\/wp-json\/wp\/v2\/users\/1"}],"replies":[{"embeddable":true,"href":"https:\/\/sibenik-meteo.hr\/index.php\/wp-json\/wp\/v2\/comments?post=5482"}],"version-history":[{"count":2,"href":"https:\/\/sibenik-meteo.hr\/index.php\/wp-json\/wp\/v2\/posts\/5482\/revisions"}],"predecessor-version":[{"id":5487,"href":"https:\/\/sibenik-meteo.hr\/index.php\/wp-json\/wp\/v2\/posts\/5482\/revisions\/5487"}],"wp:featuredmedia":[{"embeddable":true,"href":"https:\/\/sibenik-meteo.hr\/index.php\/wp-json\/wp\/v2\/media\/5483"}],"wp:attachment":[{"href":"https:\/\/sibenik-meteo.hr\/index.php\/wp-json\/wp\/v2\/media?parent=5482"}],"wp:term":[{"taxonomy":"category","embeddable":true,"href":"https:\/\/sibenik-meteo.hr\/index.php\/wp-json\/wp\/v2\/categories?post=5482"},{"taxonomy":"post_tag","embeddable":true,"href":"https:\/\/sibenik-meteo.hr\/index.php\/wp-json\/wp\/v2\/tags?post=5482"}],"curies":[{"name":"wp","href":"https:\/\/api.w.org\/{rel}","templated":true}]}}