{"id":5245,"date":"2024-01-06T13:12:33","date_gmt":"2024-01-06T12:12:33","guid":{"rendered":"https:\/\/sibenik-meteo.hr\/?p=5245"},"modified":"2024-01-06T13:45:25","modified_gmt":"2024-01-06T12:45:25","slug":"cijenim-i-gabora-i-ismeta-ali-1985-je-bila-zima-moga-zivota","status":"publish","type":"post","link":"https:\/\/sibenik-meteo.hr\/index.php\/2024\/01\/06\/cijenim-i-gabora-i-ismeta-ali-1985-je-bila-zima-moga-zivota\/","title":{"rendered":"Cijenim i Gabora i Ismeta, ali 1985 je bila zima moga \u017eivota"},"content":{"rendered":"\n<p>Na\u0161e prisje\u0107anje na ve\u0107 daleku zimu 1985. godine pobudilo je va\u0161u veliku pa\u017enju pa je <a href=\"https:\/\/sibenik-meteo.hr\/index.php\/2024\/01\/04\/cica-zima-1985-ledom-i-snijegom-okovala-dalmaciju\/\">tekst<\/a> u zadnjih nekoliko dana pro\u010ditalo nekoliko tisu\u0107a \u010ditatelja. Na na\u0161oj dru\u0161tvenoj mre\u017ei u komentarima mnogi su podjelili svoje sje\u0107anje na zimu stolje\u0107a i kako je ona tih dana izledala u njihovom kraju.<\/p>\n\n\n\n<p>U ovom tekstu prenosimo sje\u0107anje Ivice Grbelje, \u0161ibenskog amaterskog meteorologa i tada srednjo\u0161kolca, koji nam je podjelio svoja sje\u0107anja na njemu jo\u0161 danas jedinstven doga\u0111aj.<\/p>\n\n\n\n<p><em>&#8220;Imao sam tada 16 godina i bio je to najja\u010di udar zime koji sam ikada do\u017eivio, a pro\u0161lo je skoro 40 godina!<br>Dakle,  ve\u0107 su se od prvog dana Nove godine pripremali uvjeti za ono \u0161to  Dalmacija rijetko do\u017eivi. Jaka Skandi AC, blok nad Atlatikom omogu\u0107io je  curenje vrlo hladnog zraka na jug Europe sve do na\u0161ih podru\u010dja. Do\u0161ao  je i taj 04.01 u ranu ve\u010der.<br>Ohla\u0111ena zemlja, visoki minus pri visini  i produbljavanje duboke ciklone kod talijanskog Gargana. Svi uvjeti  poslo\u017eeni i okre\u0107e odmah na snijeg. Ja na 6.satu kemije u \u0161koli, svi  gledamo vani, nitko na plo\u010du, a ni profesorica se ne buni&#8230;<br>Dan  zavr\u0161avamo na +1\u00b0C i bijelim travnatim i zemljanim povr\u0161inama. Ali to je  bila tek uvertira za ono \u0161to je slijedilo tu no\u0107 i rano ujutro.  Ciklonarne aktivnosti ipak su se malo pomakle prema sjeveru, stavljaju  nas u sektor sudaranja hladnog i toplog strujanja. \u0160ibensko podru\u010dje u  ovakvim okolnostima obi\u010dno povu\u0107e buru kanjonom Krke i trpa\u010dina je  krenula. Uz jaku grmljavinu do jutra je napadalo 20cm \u010distog snijega.  Malo solike u subotu ujutro 05.01 prijetilo mi je pomutiti veselje, ali  bura je opet otpuhala ciklonu ju\u017enije, uz ja\u010de pljuskove snijega gotovo  cijelog dana. Udaljavanjem ciklone i vrijeme se stabiliziralo,  privremeno se razvedrilo, a bura oslabila u i\u0161\u010dekivanju druge ciklone.  Ve\u010der 06.01 je bila ne\u0161to \u0161ta \u0160ibenik mislim. nikad nije zabilje\u017eio, a  kako je Jugoslavija ina\u010de bila \u0161ljampava dr\u017eava, gradsko rukovodstvo  pogotovo propustilo se istaknuti nevjerojatnih -11\u00b0C u 22h! Idu\u0107a dva  dana pro\u0161la su relativno zadovoljavaju\u0107e, bilo jeste malo toplije, ali  se uglavnom dr\u017ealo negativne nule.<br>Tada dolazi 09.01 i \u0161lag na tortu.  Rano ujutro autor ovog posta ima predsat u \u0161koli. Sibirsko jutro. Bura  opet poja\u010dava na jaku do vrlo jaku, temperatura klizi do -5\u00b0C, a ja  ulazim u du\u0107ane na putu do \u0161kole kako bi se malo ugrijao. Sve uzalud,  jer profesor iz udaljenijeg dijela \u0160ibenika nije stigao. Moja ljutnja  brzo nestaje kad po\u010dinje ja\u010de pahuljanje, ciklona opet isto  pozicionirana&#8230;Za pola sata nezapam\u0107ena me\u0107ava u \u0160ibeniku, uz jaku buru  vidljivost je gotovo nula.<br>Sve traje do 13h, \u0161kole se odga\u0111aju,  manifestacije isto, ceste ne postoje&#8230;\u0161ljampava Cestarska slu\u017eba u  \u0161ljampavoj Jugi totalno nespremna. Ralica nigdje, soli nigdje, iz  kamiona posipaju \u0161ljunak po neo\u010di\u0161\u010denim cestama i ulicama u gradu!<br>Slu\u017ebeni  podatak 09.01.1985 je -7\u00b0C u 13h! Na\u0161im radostima i igrama nema kraja.  Stepenice od Katedrale do rive ne postoje, ve\u0107 izgleda kao skija\u0161ka  staza u Alta Badiji, hoda se sredinom cesta, automobila nigdje, ono malo  radoznalog svijeta na ulicama&#8230;<br>Ovo smo u\u017eivali jo\u0161 5, negdje do  15-16.01, kad se mijenja strujanje i destruktivno jugo i ki\u0161a uni\u0161tava  cijelu ovu bajku. \u0160ljunak i blato po cestama i ulicama, ostalo od  posipanja, vukli su do ljeta, kao spomen na ove lijepe dane&#8230;<br>Cijenim i Gabora i Ismeta, ali ovo je bila zima moga \u017eivota. Bar do sada&#8230; &#8220;<\/em><\/p>\n\n\n\n<p>U prilog ovom tekstu u nedostatku fotografija iz \u0160ibenika (ako ih imate podjelite ih sa nama) prenosimo video koji je snimljen u Vela Luci kao i nekoliko video snimki talijanskog RAI-ja o snijegu u Anconi, Rimu kao i prognozu vremena snimljenu 31.12.1984.<\/p>\n\n\n\n<p><br><\/p>\n\n\n\n<figure class=\"wp-block-embed-youtube aligncenter wp-block-embed is-type-video is-provider-youtube wp-embed-aspect-4-3 wp-has-aspect-ratio\"><div class=\"wp-block-embed__wrapper\">\n<iframe loading=\"lazy\" title=\"Vela Luka, snig, 6. - 8. sije\u010dnja 1985. godine (snimio, Dalibor &quot;Brbe&quot;)\" width=\"640\" height=\"480\" src=\"https:\/\/www.youtube.com\/embed\/4mbqilaSDrg?feature=oembed\" frameborder=\"0\" allow=\"accelerometer; autoplay; clipboard-write; encrypted-media; gyroscope; picture-in-picture; web-share\" referrerpolicy=\"strict-origin-when-cross-origin\" allowfullscreen><\/iframe>\n<\/div><figcaption>Vela Luka, Sije\u010danj 1985. godine<\/figcaption><\/figure>\n\n\n\n<figure class=\"wp-block-video aligncenter\"><video controls src=\"https:\/\/sibenik-meteo.hr\/weather\/preuzimanje\/zima_85\/Genn85_Roma.mp4\"><\/video><figcaption>Rim 1985, izvor: RAI<\/figcaption><\/figure>\n\n\n\n<figure class=\"wp-block-video aligncenter\"><video controls src=\"https:\/\/sibenik-meteo.hr\/weather\/preuzimanje\/zima_85\/AndreaBaroni-Previs-meteo-del_31-12-1984_rid.mp4\"><\/video><figcaption>Prognoza vremena, 1.1. 1985. Izvor: RAI<\/figcaption><\/figure>\n\n\n\n<figure class=\"wp-block-video aligncenter\"><video controls src=\"https:\/\/sibenik-meteo.hr\/weather\/preuzimanje\/zima_85\/marche.mp4\"><\/video><figcaption>Ancona i regija Marche 1985, izvor: RAI<\/figcaption><\/figure>\n","protected":false},"excerpt":{"rendered":"<p>Na\u0161e prisje\u0107anje na ve\u0107 daleku zimu 1985. godine pobudilo je va\u0161u veliku pa\u017enju pa je&#8230;<\/p>\n","protected":false},"author":1,"featured_media":5248,"comment_status":"closed","ping_status":"open","sticky":false,"template":"","format":"standard","meta":{"_monsterinsights_skip_tracking":false,"_monsterinsights_sitenote_active":false,"_monsterinsights_sitenote_note":"","_monsterinsights_sitenote_category":0,"footnotes":""},"categories":[523],"tags":[509,16,71,61,637,638,549,52],"class_list":["post-5245","post","type-post","status-publish","format-standard","has-post-thumbnail","hentry","category-vremepolov","tag-509","tag-dalmacija","tag-led","tag-sibenik","tag-stoljeca","tag-vela-luka","tag-vremeplov","tag-zima"],"_links":{"self":[{"href":"https:\/\/sibenik-meteo.hr\/index.php\/wp-json\/wp\/v2\/posts\/5245","targetHints":{"allow":["GET"]}}],"collection":[{"href":"https:\/\/sibenik-meteo.hr\/index.php\/wp-json\/wp\/v2\/posts"}],"about":[{"href":"https:\/\/sibenik-meteo.hr\/index.php\/wp-json\/wp\/v2\/types\/post"}],"author":[{"embeddable":true,"href":"https:\/\/sibenik-meteo.hr\/index.php\/wp-json\/wp\/v2\/users\/1"}],"replies":[{"embeddable":true,"href":"https:\/\/sibenik-meteo.hr\/index.php\/wp-json\/wp\/v2\/comments?post=5245"}],"version-history":[{"count":7,"href":"https:\/\/sibenik-meteo.hr\/index.php\/wp-json\/wp\/v2\/posts\/5245\/revisions"}],"predecessor-version":[{"id":5255,"href":"https:\/\/sibenik-meteo.hr\/index.php\/wp-json\/wp\/v2\/posts\/5245\/revisions\/5255"}],"wp:featuredmedia":[{"embeddable":true,"href":"https:\/\/sibenik-meteo.hr\/index.php\/wp-json\/wp\/v2\/media\/5248"}],"wp:attachment":[{"href":"https:\/\/sibenik-meteo.hr\/index.php\/wp-json\/wp\/v2\/media?parent=5245"}],"wp:term":[{"taxonomy":"category","embeddable":true,"href":"https:\/\/sibenik-meteo.hr\/index.php\/wp-json\/wp\/v2\/categories?post=5245"},{"taxonomy":"post_tag","embeddable":true,"href":"https:\/\/sibenik-meteo.hr\/index.php\/wp-json\/wp\/v2\/tags?post=5245"}],"curies":[{"name":"wp","href":"https:\/\/api.w.org\/{rel}","templated":true}]}}