{"id":5108,"date":"2023-11-17T10:53:18","date_gmt":"2023-11-17T09:53:18","guid":{"rendered":"https:\/\/sibenik-meteo.hr\/?p=5108"},"modified":"2023-11-17T10:53:38","modified_gmt":"2023-11-17T09:53:38","slug":"vikend-stabilan-uz-obilje-suncanih-sati","status":"publish","type":"post","link":"https:\/\/sibenik-meteo.hr\/index.php\/2023\/11\/17\/vikend-stabilan-uz-obilje-suncanih-sati\/","title":{"rendered":"Vikend stabilan uz obilje sun\u010danih sati"},"content":{"rendered":"\n<p>Dolina sa frontalnim sustavom koja se danas premje\u0161ta preko Jadrana jutros je donijela prolazno pogor\u0161anje vremena uz naobla\u010denje i povremenu ki\u0161u, a lokalno je bilo i izra\u017eenijih grmljavinskih pljuskova i tu\u010de.<\/p>\n\n\n\n<p>Anticiklonalni greben koji ja\u010da sa zapada kontinenta u nastavku dana donijeti \u0107e postupnu stabilizaciju vremenskih prilika koja \u0107e se nastaviti i u danima vikenda pa je pred nama nekoliko suhih i prete\u017eno sun\u010danih dana.<\/p>\n\n\n\n<p>Prolazom dana\u0161njeg sustava vjetar je sa ju\u017enih okrenuo na umjerene sjeverozapadne smjerove koji \u0107e prema ve\u010deri postupno okrenuti na umjerenu do umjereno jaku buru i tramontanu koja \u0107e sutra od sredine jutra postupno slabiti na slabu do umjerenu.<\/p>\n\n\n\n<p>Temperature zraka sa sjevernim vjetrovima \u0107e biti u padu i kretati se u danima vikenda od jutarnjih 7 do 9, a danju od 12 do 15\u00b0C.<br><\/p>\n","protected":false},"excerpt":{"rendered":"<p>Dolina sa frontalnim sustavom koja se danas premje\u0161ta preko Jadrana jutros je donijela prolazno pogor\u0161anje&#8230;<\/p>\n","protected":false},"author":1,"featured_media":5109,"comment_status":"closed","ping_status":"open","sticky":false,"template":"","format":"standard","meta":{"_monsterinsights_skip_tracking":false,"_monsterinsights_sitenote_active":false,"_monsterinsights_sitenote_note":"","_monsterinsights_sitenote_category":0,"footnotes":""},"categories":[3],"tags":[222,76,382,340],"class_list":["post-5108","post","type-post","status-publish","format-standard","has-post-thumbnail","hentry","category-lokalno-vrijeme","tag-lokalna-prognoza","tag-prognoza-vremena","tag-sibensko-kninska-zupanija","tag-vikend-prognoza"],"_links":{"self":[{"href":"https:\/\/sibenik-meteo.hr\/index.php\/wp-json\/wp\/v2\/posts\/5108","targetHints":{"allow":["GET"]}}],"collection":[{"href":"https:\/\/sibenik-meteo.hr\/index.php\/wp-json\/wp\/v2\/posts"}],"about":[{"href":"https:\/\/sibenik-meteo.hr\/index.php\/wp-json\/wp\/v2\/types\/post"}],"author":[{"embeddable":true,"href":"https:\/\/sibenik-meteo.hr\/index.php\/wp-json\/wp\/v2\/users\/1"}],"replies":[{"embeddable":true,"href":"https:\/\/sibenik-meteo.hr\/index.php\/wp-json\/wp\/v2\/comments?post=5108"}],"version-history":[{"count":1,"href":"https:\/\/sibenik-meteo.hr\/index.php\/wp-json\/wp\/v2\/posts\/5108\/revisions"}],"predecessor-version":[{"id":5110,"href":"https:\/\/sibenik-meteo.hr\/index.php\/wp-json\/wp\/v2\/posts\/5108\/revisions\/5110"}],"wp:featuredmedia":[{"embeddable":true,"href":"https:\/\/sibenik-meteo.hr\/index.php\/wp-json\/wp\/v2\/media\/5109"}],"wp:attachment":[{"href":"https:\/\/sibenik-meteo.hr\/index.php\/wp-json\/wp\/v2\/media?parent=5108"}],"wp:term":[{"taxonomy":"category","embeddable":true,"href":"https:\/\/sibenik-meteo.hr\/index.php\/wp-json\/wp\/v2\/categories?post=5108"},{"taxonomy":"post_tag","embeddable":true,"href":"https:\/\/sibenik-meteo.hr\/index.php\/wp-json\/wp\/v2\/tags?post=5108"}],"curies":[{"name":"wp","href":"https:\/\/api.w.org\/{rel}","templated":true}]}}